{"id":2770,"date":"2025-10-07T15:22:00","date_gmt":"2025-10-07T13:22:00","guid":{"rendered":"http:\/\/cyklista.com.pl\/?p=2770"},"modified":"2026-04-06T15:30:48","modified_gmt":"2026-04-06T13:30:48","slug":"zniwa-karpiowe","status":"publish","type":"post","link":"http:\/\/cyklista.com.pl\/index.php\/2025\/10\/07\/zniwa-karpiowe\/","title":{"rendered":"\u017bniwa karpiowe"},"content":{"rendered":"\n<p class=\"wp-block-paragraph\">\u017bniwa Karpiowe to coroczna, barwna impreza organizowana w gminie Zator pod koniec wrze\u015bnia. W tym roku wybrali\u015bmy si\u0119 tam rowerami w niedziel\u0119, 21 wrze\u015bnia. Wyruszyli\u015bmy o godzinie 11:00 spod Domu Kultury w Przeciszowie, gdzie wcze\u015bniej podziwiali\u015bmy wystaw\u0119 modeli kartonowych przygotowan\u0105 w ramach Og\u00f3lnopolskiego Konkursu Modeli Kartonowych. W po\u0142udnie dotarli\u015bmy do Smolic, nad malownicze zbiorniki wodne, gdzie trwa\u0142y wyst\u0119py zespo\u0142\u00f3w artystycznych oraz wr\u0119czanie nagr\u00f3d uczestnikom rajdu rowerowego \u2014 w tym roku jedynie kibicowali\u015bmy. Nie zabrak\u0142o r\u00f3wnie\u017c tradycyjnych degustacji potraw z karpia i innych ryb, kt\u00f3re jak zawsze przyci\u0105ga\u0142y wielu smakoszy. Po mi\u0142ym popo\u0142udniu, oko\u0142o godziny 15:00, ruszyli\u015bmy w drog\u0119 powrotn\u0105, ciesz\u0105c si\u0119 pi\u0119kn\u0105, s\u0142oneczn\u0105 pogod\u0105 i dobrym nastrojem.<\/p>\n\n\n\n<figure class=\"wp-block-image size-large\"><img fetchpriority=\"high\" decoding=\"async\" width=\"1024\" height=\"461\" src=\"http:\/\/cyklista.com.pl\/wp-content\/uploads\/2026\/04\/20250921_111427-1536x692-1-1024x461.jpg\" alt=\"\" class=\"wp-image-2771\" srcset=\"http:\/\/cyklista.com.pl\/wp-content\/uploads\/2026\/04\/20250921_111427-1536x692-1-1024x461.jpg 1024w, http:\/\/cyklista.com.pl\/wp-content\/uploads\/2026\/04\/20250921_111427-1536x692-1-300x135.jpg 300w, http:\/\/cyklista.com.pl\/wp-content\/uploads\/2026\/04\/20250921_111427-1536x692-1-768x346.jpg 768w, http:\/\/cyklista.com.pl\/wp-content\/uploads\/2026\/04\/20250921_111427-1536x692-1-340x153.jpg 340w, http:\/\/cyklista.com.pl\/wp-content\/uploads\/2026\/04\/20250921_111427-1536x692-1-450x203.jpg 450w, http:\/\/cyklista.com.pl\/wp-content\/uploads\/2026\/04\/20250921_111427-1536x692-1.jpg 1536w\" sizes=\"(max-width: 1024px) 100vw, 1024px\" \/><\/figure>\n\n\n\n<figure class=\"wp-block-image size-large\"><img decoding=\"async\" width=\"1024\" height=\"461\" src=\"http:\/\/cyklista.com.pl\/wp-content\/uploads\/2026\/04\/20250921_111434-1536x692-1-1024x461.jpg\" alt=\"\" class=\"wp-image-2772\" srcset=\"http:\/\/cyklista.com.pl\/wp-content\/uploads\/2026\/04\/20250921_111434-1536x692-1-1024x461.jpg 1024w, http:\/\/cyklista.com.pl\/wp-content\/uploads\/2026\/04\/20250921_111434-1536x692-1-300x135.jpg 300w, http:\/\/cyklista.com.pl\/wp-content\/uploads\/2026\/04\/20250921_111434-1536x692-1-768x346.jpg 768w, http:\/\/cyklista.com.pl\/wp-content\/uploads\/2026\/04\/20250921_111434-1536x692-1-340x153.jpg 340w, http:\/\/cyklista.com.pl\/wp-content\/uploads\/2026\/04\/20250921_111434-1536x692-1-450x203.jpg 450w, http:\/\/cyklista.com.pl\/wp-content\/uploads\/2026\/04\/20250921_111434-1536x692-1.jpg 1536w\" sizes=\"(max-width: 1024px) 100vw, 1024px\" \/><\/figure>\n\n\n\n<figure class=\"wp-block-image size-large\"><img decoding=\"async\" width=\"1024\" height=\"461\" src=\"http:\/\/cyklista.com.pl\/wp-content\/uploads\/2026\/04\/20250921_125649-1536x692-1-1024x461.jpg\" alt=\"\" class=\"wp-image-2773\" srcset=\"http:\/\/cyklista.com.pl\/wp-content\/uploads\/2026\/04\/20250921_125649-1536x692-1-1024x461.jpg 1024w, http:\/\/cyklista.com.pl\/wp-content\/uploads\/2026\/04\/20250921_125649-1536x692-1-300x135.jpg 300w, http:\/\/cyklista.com.pl\/wp-content\/uploads\/2026\/04\/20250921_125649-1536x692-1-768x346.jpg 768w, http:\/\/cyklista.com.pl\/wp-content\/uploads\/2026\/04\/20250921_125649-1536x692-1-340x153.jpg 340w, http:\/\/cyklista.com.pl\/wp-content\/uploads\/2026\/04\/20250921_125649-1536x692-1-450x203.jpg 450w, http:\/\/cyklista.com.pl\/wp-content\/uploads\/2026\/04\/20250921_125649-1536x692-1.jpg 1536w\" sizes=\"(max-width: 1024px) 100vw, 1024px\" \/><\/figure>\n\n\n\n<figure class=\"wp-block-image size-large\"><img loading=\"lazy\" decoding=\"async\" width=\"1024\" height=\"461\" src=\"http:\/\/cyklista.com.pl\/wp-content\/uploads\/2026\/04\/20250921_133610-1536x692-1-1024x461.jpg\" alt=\"\" class=\"wp-image-2774\" srcset=\"http:\/\/cyklista.com.pl\/wp-content\/uploads\/2026\/04\/20250921_133610-1536x692-1-1024x461.jpg 1024w, http:\/\/cyklista.com.pl\/wp-content\/uploads\/2026\/04\/20250921_133610-1536x692-1-300x135.jpg 300w, http:\/\/cyklista.com.pl\/wp-content\/uploads\/2026\/04\/20250921_133610-1536x692-1-768x346.jpg 768w, http:\/\/cyklista.com.pl\/wp-content\/uploads\/2026\/04\/20250921_133610-1536x692-1-340x153.jpg 340w, http:\/\/cyklista.com.pl\/wp-content\/uploads\/2026\/04\/20250921_133610-1536x692-1-450x203.jpg 450w, http:\/\/cyklista.com.pl\/wp-content\/uploads\/2026\/04\/20250921_133610-1536x692-1.jpg 1536w\" sizes=\"(max-width: 1024px) 100vw, 1024px\" \/><\/figure>\n\n\n\n<figure class=\"wp-block-image size-large\"><img loading=\"lazy\" decoding=\"async\" width=\"1024\" height=\"461\" src=\"http:\/\/cyklista.com.pl\/wp-content\/uploads\/2026\/04\/20250921_133616-1536x692-1-1024x461.jpg\" alt=\"\" class=\"wp-image-2775\" srcset=\"http:\/\/cyklista.com.pl\/wp-content\/uploads\/2026\/04\/20250921_133616-1536x692-1-1024x461.jpg 1024w, http:\/\/cyklista.com.pl\/wp-content\/uploads\/2026\/04\/20250921_133616-1536x692-1-300x135.jpg 300w, http:\/\/cyklista.com.pl\/wp-content\/uploads\/2026\/04\/20250921_133616-1536x692-1-768x346.jpg 768w, http:\/\/cyklista.com.pl\/wp-content\/uploads\/2026\/04\/20250921_133616-1536x692-1-340x153.jpg 340w, http:\/\/cyklista.com.pl\/wp-content\/uploads\/2026\/04\/20250921_133616-1536x692-1-450x203.jpg 450w, http:\/\/cyklista.com.pl\/wp-content\/uploads\/2026\/04\/20250921_133616-1536x692-1.jpg 1536w\" sizes=\"(max-width: 1024px) 100vw, 1024px\" \/><\/figure>\n","protected":false},"excerpt":{"rendered":"<p>\u017bniwa Karpiowe to coroczna, barwna impreza organizowana w gminie Zator pod koniec wrze\u015bnia. W tym roku wybrali\u015bmy si\u0119 tam rowerami w niedziel\u0119, 21 wrze\u015bnia. Wyruszyli\u015bmy o godzinie 11:00 spod Domu Kultury w Przeciszowie, gdzie wcze\u015bniej podziwiali\u015bmy wystaw\u0119 modeli kartonowych przygotowan\u0105 w ramach Og\u00f3lnopolskiego Konkursu Modeli Kartonowych. W po\u0142udnie dotarli\u015bmy do Smolic, nad malownicze zbiorniki wodne, [&hellip;]<\/p>\n","protected":false},"author":1,"featured_media":2773,"comment_status":"closed","ping_status":"closed","sticky":false,"template":"","format":"standard","meta":{"footnotes":""},"categories":[51],"tags":[],"class_list":["post-2770","post","type-post","status-publish","format-standard","has-post-thumbnail","hentry","category-aktualnosci"],"_links":{"self":[{"href":"http:\/\/cyklista.com.pl\/index.php\/wp-json\/wp\/v2\/posts\/2770","targetHints":{"allow":["GET"]}}],"collection":[{"href":"http:\/\/cyklista.com.pl\/index.php\/wp-json\/wp\/v2\/posts"}],"about":[{"href":"http:\/\/cyklista.com.pl\/index.php\/wp-json\/wp\/v2\/types\/post"}],"author":[{"embeddable":true,"href":"http:\/\/cyklista.com.pl\/index.php\/wp-json\/wp\/v2\/users\/1"}],"replies":[{"embeddable":true,"href":"http:\/\/cyklista.com.pl\/index.php\/wp-json\/wp\/v2\/comments?post=2770"}],"version-history":[{"count":1,"href":"http:\/\/cyklista.com.pl\/index.php\/wp-json\/wp\/v2\/posts\/2770\/revisions"}],"predecessor-version":[{"id":2776,"href":"http:\/\/cyklista.com.pl\/index.php\/wp-json\/wp\/v2\/posts\/2770\/revisions\/2776"}],"wp:featuredmedia":[{"embeddable":true,"href":"http:\/\/cyklista.com.pl\/index.php\/wp-json\/wp\/v2\/media\/2773"}],"wp:attachment":[{"href":"http:\/\/cyklista.com.pl\/index.php\/wp-json\/wp\/v2\/media?parent=2770"}],"wp:term":[{"taxonomy":"category","embeddable":true,"href":"http:\/\/cyklista.com.pl\/index.php\/wp-json\/wp\/v2\/categories?post=2770"},{"taxonomy":"post_tag","embeddable":true,"href":"http:\/\/cyklista.com.pl\/index.php\/wp-json\/wp\/v2\/tags?post=2770"}],"curies":[{"name":"wp","href":"https:\/\/api.w.org\/{rel}","templated":true}]}}