{"id":2786,"date":"2025-10-07T16:52:12","date_gmt":"2025-10-07T14:52:12","guid":{"rendered":"http:\/\/cyklista.com.pl\/?p=2786"},"modified":"2026-04-06T16:54:50","modified_gmt":"2026-04-06T14:54:50","slug":"rajd-nocny","status":"publish","type":"post","link":"http:\/\/cyklista.com.pl\/index.php\/2025\/10\/07\/rajd-nocny\/","title":{"rendered":"RAJD NOCNY"},"content":{"rendered":"\n<p class=\"wp-block-paragraph\">W dniach 2 &#8211; 3 sierpnia 2025r, 25 cyklist\u00f3w wyjecha\u0142o na nocny rajd rowerowy z noclegiem u naszego przyjaciela Franciszka w\u0142a\u015bciciela agroturystyki &#8220;Na Rozstajach&#8221; w Lipowej. Wyruszyli\u015bmy od Domu Kultury w Przeciszowie 2 sierpnia o godz. 20.30 przeje\u017cd\u017caj\u0105c prze Przyr\u0119b, Podolsze, gdzie po przejechaniu tzw. &#8220;krowiego mostu&#8221; na rzece Skawie, wjechali\u015bmy na nowo wybudowan\u0105 \u015bcie\u017ck\u0119 rowerow\u0105 Velo Skawa, kt\u00f3r\u0105 przy nadci\u0105gaj\u0105cej wieczornej burzy dojechali\u015bmy do agroturystyki, gdzie w pi\u0119knej scenerii ogrodu przygotowali\u015bmy grilla sp\u0119dzaj\u0105c przy nim wsp\u00f3lnie czas do p\u00f3\u017anych godzin nocnych. Na drugi dzie\u0144 w godzinach dopo\u0142udniowych wr\u00f3cili\u015bmy do Przeciszowa.<\/p>\n\n\n\n<figure class=\"wp-block-image size-large\"><img fetchpriority=\"high\" decoding=\"async\" width=\"1024\" height=\"461\" src=\"http:\/\/cyklista.com.pl\/wp-content\/uploads\/2026\/04\/20250803_102809-1536x692-1-1024x461.jpg\" alt=\"\" class=\"wp-image-2788\" srcset=\"http:\/\/cyklista.com.pl\/wp-content\/uploads\/2026\/04\/20250803_102809-1536x692-1-1024x461.jpg 1024w, http:\/\/cyklista.com.pl\/wp-content\/uploads\/2026\/04\/20250803_102809-1536x692-1-300x135.jpg 300w, http:\/\/cyklista.com.pl\/wp-content\/uploads\/2026\/04\/20250803_102809-1536x692-1-768x346.jpg 768w, http:\/\/cyklista.com.pl\/wp-content\/uploads\/2026\/04\/20250803_102809-1536x692-1-340x153.jpg 340w, http:\/\/cyklista.com.pl\/wp-content\/uploads\/2026\/04\/20250803_102809-1536x692-1-450x203.jpg 450w, http:\/\/cyklista.com.pl\/wp-content\/uploads\/2026\/04\/20250803_102809-1536x692-1.jpg 1536w\" sizes=\"(max-width: 1024px) 100vw, 1024px\" \/><\/figure>\n\n\n\n<figure class=\"wp-block-image size-large\"><img decoding=\"async\" width=\"1024\" height=\"461\" src=\"http:\/\/cyklista.com.pl\/wp-content\/uploads\/2026\/04\/20250803_102910-1536x692-1-1024x461.jpg\" alt=\"\" class=\"wp-image-2789\" srcset=\"http:\/\/cyklista.com.pl\/wp-content\/uploads\/2026\/04\/20250803_102910-1536x692-1-1024x461.jpg 1024w, http:\/\/cyklista.com.pl\/wp-content\/uploads\/2026\/04\/20250803_102910-1536x692-1-300x135.jpg 300w, http:\/\/cyklista.com.pl\/wp-content\/uploads\/2026\/04\/20250803_102910-1536x692-1-768x346.jpg 768w, http:\/\/cyklista.com.pl\/wp-content\/uploads\/2026\/04\/20250803_102910-1536x692-1-340x153.jpg 340w, http:\/\/cyklista.com.pl\/wp-content\/uploads\/2026\/04\/20250803_102910-1536x692-1-450x203.jpg 450w, http:\/\/cyklista.com.pl\/wp-content\/uploads\/2026\/04\/20250803_102910-1536x692-1.jpg 1536w\" sizes=\"(max-width: 1024px) 100vw, 1024px\" \/><\/figure>\n\n\n\n<figure class=\"wp-block-image size-large\"><img decoding=\"async\" width=\"1024\" height=\"461\" src=\"http:\/\/cyklista.com.pl\/wp-content\/uploads\/2026\/04\/20250803_102954-1536x692-1-1024x461.jpg\" alt=\"\" class=\"wp-image-2790\" srcset=\"http:\/\/cyklista.com.pl\/wp-content\/uploads\/2026\/04\/20250803_102954-1536x692-1-1024x461.jpg 1024w, http:\/\/cyklista.com.pl\/wp-content\/uploads\/2026\/04\/20250803_102954-1536x692-1-300x135.jpg 300w, http:\/\/cyklista.com.pl\/wp-content\/uploads\/2026\/04\/20250803_102954-1536x692-1-768x346.jpg 768w, http:\/\/cyklista.com.pl\/wp-content\/uploads\/2026\/04\/20250803_102954-1536x692-1-340x153.jpg 340w, http:\/\/cyklista.com.pl\/wp-content\/uploads\/2026\/04\/20250803_102954-1536x692-1-450x203.jpg 450w, http:\/\/cyklista.com.pl\/wp-content\/uploads\/2026\/04\/20250803_102954-1536x692-1.jpg 1536w\" sizes=\"(max-width: 1024px) 100vw, 1024px\" \/><\/figure>\n\n\n\n<figure class=\"wp-block-image size-large\"><img loading=\"lazy\" decoding=\"async\" width=\"1024\" height=\"461\" src=\"http:\/\/cyklista.com.pl\/wp-content\/uploads\/2026\/04\/20250802_233837-1536x692-1-1024x461.jpg\" alt=\"\" class=\"wp-image-2791\" srcset=\"http:\/\/cyklista.com.pl\/wp-content\/uploads\/2026\/04\/20250802_233837-1536x692-1-1024x461.jpg 1024w, http:\/\/cyklista.com.pl\/wp-content\/uploads\/2026\/04\/20250802_233837-1536x692-1-300x135.jpg 300w, http:\/\/cyklista.com.pl\/wp-content\/uploads\/2026\/04\/20250802_233837-1536x692-1-768x346.jpg 768w, http:\/\/cyklista.com.pl\/wp-content\/uploads\/2026\/04\/20250802_233837-1536x692-1-340x153.jpg 340w, http:\/\/cyklista.com.pl\/wp-content\/uploads\/2026\/04\/20250802_233837-1536x692-1-450x203.jpg 450w, http:\/\/cyklista.com.pl\/wp-content\/uploads\/2026\/04\/20250802_233837-1536x692-1.jpg 1536w\" sizes=\"(max-width: 1024px) 100vw, 1024px\" \/><\/figure>\n\n\n\n<figure class=\"wp-block-image size-large\"><img loading=\"lazy\" decoding=\"async\" width=\"1024\" height=\"461\" src=\"http:\/\/cyklista.com.pl\/wp-content\/uploads\/2026\/04\/20250802_200007-1536x692-1-1024x461.jpg\" alt=\"\" class=\"wp-image-2792\" srcset=\"http:\/\/cyklista.com.pl\/wp-content\/uploads\/2026\/04\/20250802_200007-1536x692-1-1024x461.jpg 1024w, http:\/\/cyklista.com.pl\/wp-content\/uploads\/2026\/04\/20250802_200007-1536x692-1-300x135.jpg 300w, http:\/\/cyklista.com.pl\/wp-content\/uploads\/2026\/04\/20250802_200007-1536x692-1-768x346.jpg 768w, http:\/\/cyklista.com.pl\/wp-content\/uploads\/2026\/04\/20250802_200007-1536x692-1-340x153.jpg 340w, http:\/\/cyklista.com.pl\/wp-content\/uploads\/2026\/04\/20250802_200007-1536x692-1-450x203.jpg 450w, http:\/\/cyklista.com.pl\/wp-content\/uploads\/2026\/04\/20250802_200007-1536x692-1.jpg 1536w\" sizes=\"(max-width: 1024px) 100vw, 1024px\" \/><\/figure>\n","protected":false},"excerpt":{"rendered":"<p>W dniach 2 &#8211; 3 sierpnia 2025r, 25 cyklist\u00f3w wyjecha\u0142o na nocny rajd rowerowy z noclegiem u naszego przyjaciela Franciszka w\u0142a\u015bciciela agroturystyki &#8220;Na Rozstajach&#8221; w Lipowej. Wyruszyli\u015bmy od Domu Kultury w Przeciszowie 2 sierpnia o godz. 20.30 przeje\u017cd\u017caj\u0105c prze Przyr\u0119b, Podolsze, gdzie po przejechaniu tzw. &#8220;krowiego mostu&#8221; na rzece Skawie, wjechali\u015bmy na nowo wybudowan\u0105 \u015bcie\u017ck\u0119 [&hellip;]<\/p>\n","protected":false},"author":1,"featured_media":2787,"comment_status":"closed","ping_status":"closed","sticky":false,"template":"","format":"standard","meta":{"footnotes":""},"categories":[51],"tags":[],"class_list":["post-2786","post","type-post","status-publish","format-standard","has-post-thumbnail","hentry","category-aktualnosci"],"_links":{"self":[{"href":"http:\/\/cyklista.com.pl\/index.php\/wp-json\/wp\/v2\/posts\/2786","targetHints":{"allow":["GET"]}}],"collection":[{"href":"http:\/\/cyklista.com.pl\/index.php\/wp-json\/wp\/v2\/posts"}],"about":[{"href":"http:\/\/cyklista.com.pl\/index.php\/wp-json\/wp\/v2\/types\/post"}],"author":[{"embeddable":true,"href":"http:\/\/cyklista.com.pl\/index.php\/wp-json\/wp\/v2\/users\/1"}],"replies":[{"embeddable":true,"href":"http:\/\/cyklista.com.pl\/index.php\/wp-json\/wp\/v2\/comments?post=2786"}],"version-history":[{"count":1,"href":"http:\/\/cyklista.com.pl\/index.php\/wp-json\/wp\/v2\/posts\/2786\/revisions"}],"predecessor-version":[{"id":2793,"href":"http:\/\/cyklista.com.pl\/index.php\/wp-json\/wp\/v2\/posts\/2786\/revisions\/2793"}],"wp:featuredmedia":[{"embeddable":true,"href":"http:\/\/cyklista.com.pl\/index.php\/wp-json\/wp\/v2\/media\/2787"}],"wp:attachment":[{"href":"http:\/\/cyklista.com.pl\/index.php\/wp-json\/wp\/v2\/media?parent=2786"}],"wp:term":[{"taxonomy":"category","embeddable":true,"href":"http:\/\/cyklista.com.pl\/index.php\/wp-json\/wp\/v2\/categories?post=2786"},{"taxonomy":"post_tag","embeddable":true,"href":"http:\/\/cyklista.com.pl\/index.php\/wp-json\/wp\/v2\/tags?post=2786"}],"curies":[{"name":"wp","href":"https:\/\/api.w.org\/{rel}","templated":true}]}}