{"id":2794,"date":"2025-07-31T16:56:07","date_gmt":"2025-07-31T14:56:07","guid":{"rendered":"http:\/\/cyklista.com.pl\/?p=2794"},"modified":"2026-04-06T16:57:57","modified_gmt":"2026-04-06T14:57:57","slug":"rajd-kety","status":"publish","type":"post","link":"http:\/\/cyklista.com.pl\/index.php\/2025\/07\/31\/rajd-kety\/","title":{"rendered":"Rajd K\u0119ty"},"content":{"rendered":"\n<p class=\"wp-block-paragraph\"><strong>Rajd do K\u0119t \u2013 z deszczu nici, za to same pere\u0142ki!<\/strong><\/p>\n\n\n\n<p class=\"wp-block-paragraph\">Ostatnia niedziela zn\u00f3w pokaza\u0142a, \u017ce rowerowe wypady w dobrym towarzystwie maj\u0105 sw\u00f3j niepowtarzalny klimat. Tym razem celem naszego rajdu by\u0142y K\u0119ty i odbywaj\u0105cy si\u0119 tam jarmark staroci oraz u\u017cywanych samochod\u00f3w. Ale zanim dotarli\u015bmy do celu, pierwszym przystankiem by\u0142a Izba Regionalna w Osieku \u2013 zbiory jak zawsze z dusz\u0105, a oprowadza\u0142 nas sam gospodarz miejsca i zarazem nasz prezes \u2013 Marian Kocemba. Kto nie by\u0142, niech \u017ca\u0142uje!<\/p>\n\n\n\n<p class=\"wp-block-paragraph\">O godzinie 9:30 ruszyli\u015bmy dalej w stron\u0119 K\u0119t. Pogoda? Mia\u0142 by\u0107 deszcz&#8230; ale jak zwykle rowerzy\u015bci przynie\u015bli s\u0142o\u0144ce. Idealne warunki \u2013 ani gor\u0105co, ani ch\u0142odno, za to z du\u017c\u0105 szans\u0105 na podziwianie tego, co najlepsze.<\/p>\n\n\n\n<p class=\"wp-block-paragraph\">A by\u0142o na co patrze\u0107! Na jarmarku mo\u017cna by\u0142o si\u0119 poczu\u0107 jak w podr\u00f3\u017cy w czasie \u2013 prawdziwe motoryzacyjne rarytasy: elegancki chevrolet z lat mi\u0119dzywojennych, zachwycaj\u0105co zadbana Warszawa Garbus, a do tego legendarne Nysy z lat 60-tych. Cz\u0142owiek mia\u0142 ochot\u0119 zostawi\u0107 rower i wsi\u0105\u015b\u0107 za kierownic\u0119! (Spokojnie, nikt nie zdradzi\u0142 jedno\u015bladu.)<\/p>\n\n\n\n<p class=\"wp-block-paragraph\">Humory dopisa\u0142y, tempo by\u0142o rekreacyjne, a atmosfera \u2013 jak zawsze znakomita. Dzi\u0119kujemy wszystkim uczestnikom za obecno\u015b\u0107 i zapraszamy na kolejne rajdy. Je\u015bli jeszcze si\u0119 wahasz \u2013 nie ma co zwleka\u0107! Z nami ka\u017cda niedziela mo\u017ce by\u0107 przygod\u0105.<\/p>\n\n\n\n<figure class=\"wp-block-image size-large\"><img fetchpriority=\"high\" decoding=\"async\" width=\"577\" height=\"1024\" src=\"http:\/\/cyklista.com.pl\/wp-content\/uploads\/2026\/04\/Kety-II-768x1364-1-577x1024.jpeg\" alt=\"\" class=\"wp-image-2795\" srcset=\"http:\/\/cyklista.com.pl\/wp-content\/uploads\/2026\/04\/Kety-II-768x1364-1-577x1024.jpeg 577w, http:\/\/cyklista.com.pl\/wp-content\/uploads\/2026\/04\/Kety-II-768x1364-1-169x300.jpeg 169w, http:\/\/cyklista.com.pl\/wp-content\/uploads\/2026\/04\/Kety-II-768x1364-1-340x604.jpeg 340w, http:\/\/cyklista.com.pl\/wp-content\/uploads\/2026\/04\/Kety-II-768x1364-1-450x799.jpeg 450w, http:\/\/cyklista.com.pl\/wp-content\/uploads\/2026\/04\/Kety-II-768x1364-1.jpeg 768w\" sizes=\"(max-width: 577px) 100vw, 577px\" \/><\/figure>\n\n\n\n<figure class=\"wp-block-image size-large\"><img decoding=\"async\" width=\"577\" height=\"1024\" src=\"http:\/\/cyklista.com.pl\/wp-content\/uploads\/2026\/04\/Kety-IV-768x1364-1-577x1024.jpeg\" alt=\"\" class=\"wp-image-2796\" srcset=\"http:\/\/cyklista.com.pl\/wp-content\/uploads\/2026\/04\/Kety-IV-768x1364-1-577x1024.jpeg 577w, http:\/\/cyklista.com.pl\/wp-content\/uploads\/2026\/04\/Kety-IV-768x1364-1-169x300.jpeg 169w, http:\/\/cyklista.com.pl\/wp-content\/uploads\/2026\/04\/Kety-IV-768x1364-1-340x604.jpeg 340w, http:\/\/cyklista.com.pl\/wp-content\/uploads\/2026\/04\/Kety-IV-768x1364-1-450x799.jpeg 450w, http:\/\/cyklista.com.pl\/wp-content\/uploads\/2026\/04\/Kety-IV-768x1364-1.jpeg 768w\" sizes=\"(max-width: 577px) 100vw, 577px\" \/><\/figure>\n\n\n\n<figure class=\"wp-block-image size-large\"><img decoding=\"async\" width=\"577\" height=\"1024\" src=\"http:\/\/cyklista.com.pl\/wp-content\/uploads\/2026\/04\/Kety-III-768x1364-1-577x1024.jpeg\" alt=\"\" class=\"wp-image-2798\" srcset=\"http:\/\/cyklista.com.pl\/wp-content\/uploads\/2026\/04\/Kety-III-768x1364-1-577x1024.jpeg 577w, http:\/\/cyklista.com.pl\/wp-content\/uploads\/2026\/04\/Kety-III-768x1364-1-169x300.jpeg 169w, http:\/\/cyklista.com.pl\/wp-content\/uploads\/2026\/04\/Kety-III-768x1364-1-340x604.jpeg 340w, http:\/\/cyklista.com.pl\/wp-content\/uploads\/2026\/04\/Kety-III-768x1364-1-450x799.jpeg 450w, http:\/\/cyklista.com.pl\/wp-content\/uploads\/2026\/04\/Kety-III-768x1364-1.jpeg 768w\" sizes=\"(max-width: 577px) 100vw, 577px\" \/><\/figure>\n","protected":false},"excerpt":{"rendered":"<p>Rajd do K\u0119t \u2013 z deszczu nici, za to same pere\u0142ki! Ostatnia niedziela zn\u00f3w pokaza\u0142a, \u017ce rowerowe wypady w dobrym towarzystwie maj\u0105 sw\u00f3j niepowtarzalny klimat. Tym razem celem naszego rajdu by\u0142y K\u0119ty i odbywaj\u0105cy si\u0119 tam jarmark staroci oraz u\u017cywanych samochod\u00f3w. Ale zanim dotarli\u015bmy do celu, pierwszym przystankiem by\u0142a Izba Regionalna w Osieku \u2013 zbiory [&hellip;]<\/p>\n","protected":false},"author":1,"featured_media":2799,"comment_status":"closed","ping_status":"closed","sticky":false,"template":"","format":"standard","meta":{"footnotes":""},"categories":[51],"tags":[],"class_list":["post-2794","post","type-post","status-publish","format-standard","has-post-thumbnail","hentry","category-aktualnosci"],"_links":{"self":[{"href":"http:\/\/cyklista.com.pl\/index.php\/wp-json\/wp\/v2\/posts\/2794","targetHints":{"allow":["GET"]}}],"collection":[{"href":"http:\/\/cyklista.com.pl\/index.php\/wp-json\/wp\/v2\/posts"}],"about":[{"href":"http:\/\/cyklista.com.pl\/index.php\/wp-json\/wp\/v2\/types\/post"}],"author":[{"embeddable":true,"href":"http:\/\/cyklista.com.pl\/index.php\/wp-json\/wp\/v2\/users\/1"}],"replies":[{"embeddable":true,"href":"http:\/\/cyklista.com.pl\/index.php\/wp-json\/wp\/v2\/comments?post=2794"}],"version-history":[{"count":1,"href":"http:\/\/cyklista.com.pl\/index.php\/wp-json\/wp\/v2\/posts\/2794\/revisions"}],"predecessor-version":[{"id":2800,"href":"http:\/\/cyklista.com.pl\/index.php\/wp-json\/wp\/v2\/posts\/2794\/revisions\/2800"}],"wp:featuredmedia":[{"embeddable":true,"href":"http:\/\/cyklista.com.pl\/index.php\/wp-json\/wp\/v2\/media\/2799"}],"wp:attachment":[{"href":"http:\/\/cyklista.com.pl\/index.php\/wp-json\/wp\/v2\/media?parent=2794"}],"wp:term":[{"taxonomy":"category","embeddable":true,"href":"http:\/\/cyklista.com.pl\/index.php\/wp-json\/wp\/v2\/categories?post=2794"},{"taxonomy":"post_tag","embeddable":true,"href":"http:\/\/cyklista.com.pl\/index.php\/wp-json\/wp\/v2\/tags?post=2794"}],"curies":[{"name":"wp","href":"https:\/\/api.w.org\/{rel}","templated":true}]}}