{"id":2801,"date":"2025-07-31T16:04:00","date_gmt":"2025-07-31T14:04:00","guid":{"rendered":"http:\/\/cyklista.com.pl\/?p=2801"},"modified":"2026-04-06T17:06:14","modified_gmt":"2026-04-06T15:06:14","slug":"rajd-grunwald","status":"publish","type":"post","link":"http:\/\/cyklista.com.pl\/index.php\/2025\/07\/31\/rajd-grunwald\/","title":{"rendered":"Rajd Grunwald"},"content":{"rendered":"\n<p class=\"wp-block-paragraph\"><strong>Rowerowa lekcja historii \u2013 Bitwa pod Grunwaldem po naszemu!<\/strong><\/p>\n\n\n\n<p class=\"wp-block-paragraph\">13 lipca 2025 roku, w przeddzie\u0144 jednej z najwa\u017cniejszych dat w polskiej historii, ponad 50 rowerzyst\u00f3w z Przeciszowa, Andrychowa i Wadowic postanowi\u0142o uczci\u0107 pami\u0119\u0107 o wielkiej wiktorii po swojemu \u2013 na dw\u00f3ch k\u00f3\u0142kach! To ju\u017c od wielu lat cykliczna impreza rowerowa.<\/p>\n\n\n\n<p class=\"wp-block-paragraph\">Trasa? Ka\u017cdy z trzech punkt\u00f3w startowych mia\u0142 sw\u00f3j w\u0142asny klimat, ale cel by\u0142 wsp\u00f3lny:&nbsp;<strong>kopiec grunwaldzki w Palczowicach<\/strong>&nbsp;\u2013 usypany w 1910 roku, z okazji 500-lecia bitwy. To miejsce, gdzie historia spotyka si\u0119 z pasj\u0105 do rower\u00f3w, a grill pachnie lepiej ni\u017c zwyci\u0119stwo pod Grunwaldem!<\/p>\n\n\n\n<p class=\"wp-block-paragraph\">. Na miejscu \u2013 pami\u0105tkowe zdj\u0119cia, rozmowy o wyprawach i planach, a wszystko to w mi\u0142ej i serdecznej atmosferze i\u2026 lekko wilgotnego powietrza (bo deszcz wpad\u0142 tylko na chwil\u0119, jakby chcia\u0142 powiedzie\u0107 \u201ecze\u015b\u0107\u201d i zaraz uciek\u0142).<\/p>\n\n\n\n<p class=\"wp-block-paragraph\">Kopiec grunwaldzki w Palczowicach to miejsce wyj\u0105tkowe \u2013 powsta\u0142 z inicjatywy lokalnych patriot\u00f3w, kt\u00f3rzy z dum\u0105 chcieli uczci\u0107 jedno\u015b\u0107 narodow\u0105 i pami\u0119\u0107 o zwyci\u0119stwie sprzed wiek\u00f3w. My dzi\u015b, ponad 100 lat p\u00f3\u017aniej, dopisujemy do tej historii w\u0142asny, rowerowy rozdzia\u0142. Nie by\u0142e\u015b z nami? Nic straconego! Kolejna okazja ju\u017c nied\u0142ugo \u2013 nasze wycieczki to nie tylko kilometry i krajobrazy, ale te\u017c ludzie, historia i dobra zabawa<\/p>\n\n\n\n<figure class=\"wp-block-image size-large\"><img fetchpriority=\"high\" decoding=\"async\" width=\"1024\" height=\"461\" src=\"http:\/\/cyklista.com.pl\/wp-content\/uploads\/2026\/04\/20250713_124444-1536x692-1-1024x461.jpg\" alt=\"\" class=\"wp-image-2802\" srcset=\"http:\/\/cyklista.com.pl\/wp-content\/uploads\/2026\/04\/20250713_124444-1536x692-1-1024x461.jpg 1024w, http:\/\/cyklista.com.pl\/wp-content\/uploads\/2026\/04\/20250713_124444-1536x692-1-300x135.jpg 300w, http:\/\/cyklista.com.pl\/wp-content\/uploads\/2026\/04\/20250713_124444-1536x692-1-768x346.jpg 768w, http:\/\/cyklista.com.pl\/wp-content\/uploads\/2026\/04\/20250713_124444-1536x692-1-340x153.jpg 340w, http:\/\/cyklista.com.pl\/wp-content\/uploads\/2026\/04\/20250713_124444-1536x692-1-450x203.jpg 450w, http:\/\/cyklista.com.pl\/wp-content\/uploads\/2026\/04\/20250713_124444-1536x692-1.jpg 1536w\" sizes=\"(max-width: 1024px) 100vw, 1024px\" \/><\/figure>\n\n\n\n<figure class=\"wp-block-image size-large\"><img decoding=\"async\" width=\"1024\" height=\"461\" src=\"http:\/\/cyklista.com.pl\/wp-content\/uploads\/2026\/04\/20250713_131126-1536x692-1-1024x461.jpg\" alt=\"\" class=\"wp-image-2803\" srcset=\"http:\/\/cyklista.com.pl\/wp-content\/uploads\/2026\/04\/20250713_131126-1536x692-1-1024x461.jpg 1024w, http:\/\/cyklista.com.pl\/wp-content\/uploads\/2026\/04\/20250713_131126-1536x692-1-300x135.jpg 300w, http:\/\/cyklista.com.pl\/wp-content\/uploads\/2026\/04\/20250713_131126-1536x692-1-768x346.jpg 768w, http:\/\/cyklista.com.pl\/wp-content\/uploads\/2026\/04\/20250713_131126-1536x692-1-340x153.jpg 340w, http:\/\/cyklista.com.pl\/wp-content\/uploads\/2026\/04\/20250713_131126-1536x692-1-450x203.jpg 450w, http:\/\/cyklista.com.pl\/wp-content\/uploads\/2026\/04\/20250713_131126-1536x692-1.jpg 1536w\" sizes=\"(max-width: 1024px) 100vw, 1024px\" \/><\/figure>\n\n\n\n<figure class=\"wp-block-image size-large\"><img decoding=\"async\" width=\"1024\" height=\"768\" src=\"http:\/\/cyklista.com.pl\/wp-content\/uploads\/2026\/04\/WhatsApp-Image-2025-07-13-at-18.32.57-1536x1152-1-1024x768.jpeg\" alt=\"\" class=\"wp-image-2804\" srcset=\"http:\/\/cyklista.com.pl\/wp-content\/uploads\/2026\/04\/WhatsApp-Image-2025-07-13-at-18.32.57-1536x1152-1-1024x768.jpeg 1024w, http:\/\/cyklista.com.pl\/wp-content\/uploads\/2026\/04\/WhatsApp-Image-2025-07-13-at-18.32.57-1536x1152-1-300x225.jpeg 300w, http:\/\/cyklista.com.pl\/wp-content\/uploads\/2026\/04\/WhatsApp-Image-2025-07-13-at-18.32.57-1536x1152-1-768x576.jpeg 768w, http:\/\/cyklista.com.pl\/wp-content\/uploads\/2026\/04\/WhatsApp-Image-2025-07-13-at-18.32.57-1536x1152-1-340x255.jpeg 340w, http:\/\/cyklista.com.pl\/wp-content\/uploads\/2026\/04\/WhatsApp-Image-2025-07-13-at-18.32.57-1536x1152-1-450x338.jpeg 450w, http:\/\/cyklista.com.pl\/wp-content\/uploads\/2026\/04\/WhatsApp-Image-2025-07-13-at-18.32.57-1536x1152-1.jpeg 1536w\" sizes=\"(max-width: 1024px) 100vw, 1024px\" \/><\/figure>\n","protected":false},"excerpt":{"rendered":"<p>Rowerowa lekcja historii \u2013 Bitwa pod Grunwaldem po naszemu! 13 lipca 2025 roku, w przeddzie\u0144 jednej z najwa\u017cniejszych dat w polskiej historii, ponad 50 rowerzyst\u00f3w z Przeciszowa, Andrychowa i Wadowic postanowi\u0142o uczci\u0107 pami\u0119\u0107 o wielkiej wiktorii po swojemu \u2013 na dw\u00f3ch k\u00f3\u0142kach! To ju\u017c od wielu lat cykliczna impreza rowerowa. Trasa? Ka\u017cdy z trzech punkt\u00f3w [&hellip;]<\/p>\n","protected":false},"author":1,"featured_media":2802,"comment_status":"closed","ping_status":"closed","sticky":false,"template":"","format":"standard","meta":{"footnotes":""},"categories":[51],"tags":[],"class_list":["post-2801","post","type-post","status-publish","format-standard","has-post-thumbnail","hentry","category-aktualnosci"],"_links":{"self":[{"href":"http:\/\/cyklista.com.pl\/index.php\/wp-json\/wp\/v2\/posts\/2801","targetHints":{"allow":["GET"]}}],"collection":[{"href":"http:\/\/cyklista.com.pl\/index.php\/wp-json\/wp\/v2\/posts"}],"about":[{"href":"http:\/\/cyklista.com.pl\/index.php\/wp-json\/wp\/v2\/types\/post"}],"author":[{"embeddable":true,"href":"http:\/\/cyklista.com.pl\/index.php\/wp-json\/wp\/v2\/users\/1"}],"replies":[{"embeddable":true,"href":"http:\/\/cyklista.com.pl\/index.php\/wp-json\/wp\/v2\/comments?post=2801"}],"version-history":[{"count":1,"href":"http:\/\/cyklista.com.pl\/index.php\/wp-json\/wp\/v2\/posts\/2801\/revisions"}],"predecessor-version":[{"id":2805,"href":"http:\/\/cyklista.com.pl\/index.php\/wp-json\/wp\/v2\/posts\/2801\/revisions\/2805"}],"wp:featuredmedia":[{"embeddable":true,"href":"http:\/\/cyklista.com.pl\/index.php\/wp-json\/wp\/v2\/media\/2802"}],"wp:attachment":[{"href":"http:\/\/cyklista.com.pl\/index.php\/wp-json\/wp\/v2\/media?parent=2801"}],"wp:term":[{"taxonomy":"category","embeddable":true,"href":"http:\/\/cyklista.com.pl\/index.php\/wp-json\/wp\/v2\/categories?post=2801"},{"taxonomy":"post_tag","embeddable":true,"href":"http:\/\/cyklista.com.pl\/index.php\/wp-json\/wp\/v2\/tags?post=2801"}],"curies":[{"name":"wp","href":"https:\/\/api.w.org\/{rel}","templated":true}]}}