{"id":2806,"date":"2025-07-03T17:07:21","date_gmt":"2025-07-03T15:07:21","guid":{"rendered":"http:\/\/cyklista.com.pl\/?p=2806"},"modified":"2026-04-06T17:08:15","modified_gmt":"2026-04-06T15:08:15","slug":"rowerem-przez-pokolenia-rodzinny-rajd-rowerowy-w-przeciszowie-21-czerwiec-2025","status":"publish","type":"post","link":"http:\/\/cyklista.com.pl\/index.php\/2025\/07\/03\/rowerem-przez-pokolenia-rodzinny-rajd-rowerowy-w-przeciszowie-21-czerwiec-2025\/","title":{"rendered":"Rowerem przez pokolenia \u2013 Rodzinny Rajd Rowerowy w Przeciszowie \u2013 21 czerwiec 2025"},"content":{"rendered":"\n<p class=\"wp-block-paragraph\">Czy mo\u017cna sobot\u0119 sp\u0119dzi\u0107 aktywnie, z u\u015bmiechem, rodzinnie, wr\u0119cz koncertowo?&nbsp;&nbsp;&nbsp;&nbsp;No tak, bo Rajd w Przeciszowie ruszy\u0142 na nowo!<\/p>\n\n\n\n<p class=\"wp-block-paragraph\">Lody, zabawa, rado\u015b\u0107 i grill<br>Dzieci i dziadek \u2013 ka\u017cdy tu by\u0142.<br>Bezpiecznie, weso\u0142o, z nagrod\u0105 na ko\u0144cu<br>A w sercach pytanie: \u201eCzy za rok te\u017c pojedziemy w s\u0142o\u0144cu.?\u201d<\/p>\n\n\n\n<p class=\"wp-block-paragraph\">Czy mo\u017cna aktywnie sp\u0119dzi\u0107 sobot\u0119, dobrze si\u0119 bawi\u0107 i jeszcze zintegrowa\u0107 ca\u0142e pokolenia mieszka\u0144c\u00f3w? Oczywi\u015bcie, \u017ce tak! Przekona\u0142o si\u0119 o tym ponad&nbsp;<strong>300 uczestnik\u00f3w Rodzinnego Rajdu Rowerowego<\/strong>, kt\u00f3ry odby\u0142 si\u0119&nbsp;<strong>21 czerwca 2025 r.<\/strong>&nbsp;w Przeciszowie. Wydarzenie zorganizowane przez&nbsp;<strong>Towarzystwo Turystyki Rowerowej \u201eCyklista\u201d<\/strong>&nbsp;wsp\u00f3lnie z&nbsp;<strong>Gminn\u0105 Bibliotek\u0105 Publiczn\u0105<\/strong>&nbsp;zgromadzi\u0142o dzieci, rodzic\u00f3w, dziadk\u00f3w i\u2026 rowery w najr\u00f3\u017cniejszych wersjach.<\/p>\n\n\n\n<p class=\"wp-block-paragraph\">Start rajdu odby\u0142 si\u0119 punktualnie o godzinie 11:00 z terenu&nbsp;<strong>Ludowego Klubu Sportowego \u201ePrzeciszovia\u201d<\/strong>. Sygna\u0142 do startu da\u0142 osobi\u015bcie W\u00f3jt Gminy,&nbsp;<strong>Tomasz Kosowski<\/strong>, \u017cycz\u0105c uczestnikom:<br><strong>\u2013 \u017bycz\u0119 wszystkim mi\u0142ej, bezpiecznej jazdy i du\u017co u\u015bmiechu!<\/strong><br>I faktycznie \u2013 by\u0142o bezpiecznie, mi\u0142o i\u2026 bardzo weso\u0142o!<\/p>\n\n\n\n<p class=\"wp-block-paragraph\">Kolorowy peleton przejecha\u0142 przez ul. Podlesie, obok Urz\u0119du Gminy, potem D\u0142ug\u0105, Topolow\u0105 i Szkoln\u0105, kieruj\u0105c si\u0119 w stron\u0119 gminy Zator. Tam, w&nbsp;<strong>River Parku<\/strong>, czeka\u0142a na wszystkich chwila odpoczynku i&nbsp;<strong>darmowe lody dla dzieci<\/strong>&nbsp;\u2013 nie wiemy, co bardziej cieszy\u0142o najm\u0142odszych: ch\u0142\u00f3d deseru czy fakt, \u017ce mo\u017cna by\u0142o chwil\u0119 poszale\u0107 bez kasku.<\/p>\n\n\n\n<p class=\"wp-block-paragraph\">Druga cz\u0119\u015b\u0107 trasy, nieco kr\u00f3tsza, prowadzi\u0142a przez&nbsp;<strong>stref\u0119 ekonomiczn\u0105 w Zatorze<\/strong>, sk\u0105d ju\u017c blisko do dobrze znanej&nbsp;<strong>Energylandii<\/strong>. Uczestnicy mijali te\u017c&nbsp;<strong>stawy hodowlane w Przyr\u0119bie<\/strong>, a\u017c dotarli szcz\u0119\u015bliwie do mety. I to dos\u0142ownie wszyscy \u2013&nbsp;<strong>bez wypadk\u00f3w, bez awarii i bez maruder\u00f3w<\/strong>!<\/p>\n\n\n\n<p class=\"wp-block-paragraph\">Na szczeg\u00f3lne uznanie zas\u0142u\u017cyli najm\u0142odsi \u2013 kilkuletnie dzieci w wieku 3\u20134 lat peda\u0142owa\u0142y dzielnie obok doros\u0142ych, a tak\u017ce\u2026&nbsp;<strong>najstarszy uczestnik, kt\u00f3ry mia\u0142 a\u017c 82 lata!<\/strong>&nbsp;Trudno o lepszy dow\u00f3d, \u017ce&nbsp;<strong>rower \u0142\u0105czy pokolenia<\/strong>&nbsp;i jest dla ka\u017cdego.<\/p>\n\n\n\n<p class=\"wp-block-paragraph\">Fina\u0142 rajdu by\u0142 r\u00f3wnie emocjonuj\u0105cy, co sama trasa. Na mecie czeka\u0142&nbsp;<strong>grill z kie\u0142baskami<\/strong>, a tak\u017ce&nbsp;<strong>losowanie nagr\u00f3d<\/strong>&nbsp;\u2013 w tym nagrody g\u0142\u00f3wnej:&nbsp;<strong>nowego roweru<\/strong>, kt\u00f3ry wzbudzi\u0142 niema\u0142e emocje i g\u0142o\u015bne okrzyki rado\u015bci.<\/p>\n\n\n\n<p class=\"wp-block-paragraph\">Wszyscy, bez wyj\u0105tku, opuszczali wydarzenie z u\u015bmiechem na twarzy i jednym pytaniem:&nbsp;<strong>\u201eKiedy nast\u0119pny rajd?\u201d<\/strong><\/p>\n\n\n\n<hr class=\"wp-block-separator has-alpha-channel-opacity\"\/>\n\n\n\n<p class=\"wp-block-paragraph\"><strong>\ud83d\udeb2&nbsp;Dzi\u0119kujemy, \u017ce jeste\u015bcie z nami!<\/strong><\/p>\n\n\n\n<p class=\"wp-block-paragraph\">Rodzinny Rajd Rowerowy w Przeciszowie to nie tylko sport i rekreacja \u2013 to&nbsp;<strong>rado\u015b\u0107 z bycia razem<\/strong>,&nbsp;<strong>aktywny wypoczynek<\/strong>&nbsp;i&nbsp;<strong>dow\u00f3d, \u017ce rower to najlepszy pretekst do wsp\u00f3lnego dzia\u0142ania<\/strong>. Do zobaczenia na trasie!<\/p>\n\n\n\n<p class=\"wp-block-paragraph\">Dzi\u0119kujemy naszym Sponsorom!<br>Rodzinny Rajd Rowerowy ju\u017c za nami \u2013 Dzi\u0119ki Wam dzieci zajada\u0142y si\u0119 pysznymi lodami, doro\u015bli mogli z\u0142apa\u0107 oddech przy grillowanej kie\u0142basce, a na mecie czeka\u0142y naprawd\u0119 fantastyczne nagrody!<br>Jeste\u015bmy ogromnie wdzi\u0119czni za ka\u017cde przekazane wsparcie, ka\u017cdy upominek i ka\u017cd\u0105 cegie\u0142k\u0119 do\u0142o\u017con\u0105 do wsp\u00f3lnej rado\u015bci. Dzi\u0119ki Wam Rajd by\u0142 nie tylko sportowym wyzwaniem, ale przede wszystkim pi\u0119knym, rodzinnym \u015bwi\u0119tem.<br>Dzi\u0119kujemy, \u017ce jeste\u015bcie z nami! Jeste\u015bcie wspaniali.<br>W\u00f3jt Gminy Przecisz\u00f3w Tomasz Kosowski<br>Renata i Rafa\u0142 Kwadrans<br>Mechanika Pojazdowa Stanis\u0142aw Matla<br>\u201eWszystko dla domu Gra\u017cyna\u201d Justyna i Sebastian Makuch<br>Rolnicza Sp\u00f3\u0142dzielnia Produkcyjna w Przeciszowie<br>Andrzej Domaga\u0142a DROTECH Tomice<br>Frygnij se Przecisz\u00f3w<br>Marsowicz fryzjerstwo i wiza\u017c Piotrowice<br>Salon fryzjerski Beata, Beata Cisowska Przecisz\u00f3w<br>Dietety.KA Agnieszka Trzaska<br>Pasieka nad Wis\u0142a Zygmunt Kurzak<br>Joanna Mako\u015b Garderoba Asi<br>Pasieka w Lesie, Tomasz Mako\u015b<br>Salon kosmetyczny Zoya, Przecisz\u00f3w<br>Bud Max Krzysztof Kajdas, Przecisz\u00f3w<br>Wytw\u00f3rnia w\u00f3d ch\u0142odz\u0105cych Sahara S\u0142awomir Folga, Marek Ksi\u0119\u017copolski<br>Gminny O\u015brodek Pomocy Spo\u0142ecznej w Przeciszowie<br>Salon jubilerski Pawe\u0142 Ko\u015bcielnik<br>Montochem Krzysztof Skrobacz O\u015bwi\u0119cim<br>Protech Sp\u00f3\u0142ka z o.o. Zator<br>Instalbis, Bogus\u0142aw Ganobis<br>Izba Regionalna w Osieku<br>Pralnia Zator Marta Kobyla\u0144ska<br>Air &#8211; Net \u015awiat\u0142ow\u00f3d sp. z o.o.<br>Firma Koz\u0142owski &#8211; Lewiatan Przecisz\u00f3w<br>Sklep rowerowy Oskar w Zatorze<br>Podzi\u0119kowania za zabezpieczenia rajdu kierujemy do:<\/p>\n\n\n\n<ul class=\"wp-block-list\">\n<li>policjant\u00f3w z komendy w O\u015bwi\u0119cimiu i Zatorze<\/li>\n\n\n\n<li>stra\u017cak\u00f3w z OSP Przecisz\u00f3w i OSP Piotrowice<\/li>\n\n\n\n<li>S\u0142u\u017cby Malta\u0144skiej<\/li>\n\n\n\n<li>pracownik\u00f3w Gminnej Biblioteki Publicznej w Przeciszowie<br>Cz\u0142onkowie Towarzystwa Turystyki Rowerowej Cyklista.<\/li>\n<\/ul>\n","protected":false},"excerpt":{"rendered":"<p>Czy mo\u017cna sobot\u0119 sp\u0119dzi\u0107 aktywnie, z u\u015bmiechem, rodzinnie, wr\u0119cz koncertowo?&nbsp;&nbsp;&nbsp;&nbsp;No tak, bo Rajd w Przeciszowie ruszy\u0142 na nowo! Lody, zabawa, rado\u015b\u0107 i grillDzieci i dziadek \u2013 ka\u017cdy tu by\u0142.Bezpiecznie, weso\u0142o, z nagrod\u0105 na ko\u0144cuA w sercach pytanie: \u201eCzy za rok te\u017c pojedziemy w s\u0142o\u0144cu.?\u201d Czy mo\u017cna aktywnie sp\u0119dzi\u0107 sobot\u0119, dobrze si\u0119 bawi\u0107 i jeszcze zintegrowa\u0107 [&hellip;]<\/p>\n","protected":false},"author":1,"featured_media":2807,"comment_status":"closed","ping_status":"closed","sticky":false,"template":"","format":"standard","meta":{"footnotes":""},"categories":[51],"tags":[],"class_list":["post-2806","post","type-post","status-publish","format-standard","has-post-thumbnail","hentry","category-aktualnosci"],"_links":{"self":[{"href":"http:\/\/cyklista.com.pl\/index.php\/wp-json\/wp\/v2\/posts\/2806","targetHints":{"allow":["GET"]}}],"collection":[{"href":"http:\/\/cyklista.com.pl\/index.php\/wp-json\/wp\/v2\/posts"}],"about":[{"href":"http:\/\/cyklista.com.pl\/index.php\/wp-json\/wp\/v2\/types\/post"}],"author":[{"embeddable":true,"href":"http:\/\/cyklista.com.pl\/index.php\/wp-json\/wp\/v2\/users\/1"}],"replies":[{"embeddable":true,"href":"http:\/\/cyklista.com.pl\/index.php\/wp-json\/wp\/v2\/comments?post=2806"}],"version-history":[{"count":1,"href":"http:\/\/cyklista.com.pl\/index.php\/wp-json\/wp\/v2\/posts\/2806\/revisions"}],"predecessor-version":[{"id":2808,"href":"http:\/\/cyklista.com.pl\/index.php\/wp-json\/wp\/v2\/posts\/2806\/revisions\/2808"}],"wp:featuredmedia":[{"embeddable":true,"href":"http:\/\/cyklista.com.pl\/index.php\/wp-json\/wp\/v2\/media\/2807"}],"wp:attachment":[{"href":"http:\/\/cyklista.com.pl\/index.php\/wp-json\/wp\/v2\/media?parent=2806"}],"wp:term":[{"taxonomy":"category","embeddable":true,"href":"http:\/\/cyklista.com.pl\/index.php\/wp-json\/wp\/v2\/categories?post=2806"},{"taxonomy":"post_tag","embeddable":true,"href":"http:\/\/cyklista.com.pl\/index.php\/wp-json\/wp\/v2\/tags?post=2806"}],"curies":[{"name":"wp","href":"https:\/\/api.w.org\/{rel}","templated":true}]}}