{"id":2809,"date":"2025-07-01T17:08:52","date_gmt":"2025-07-01T15:08:52","guid":{"rendered":"http:\/\/cyklista.com.pl\/?p=2809"},"modified":"2026-04-06T17:12:34","modified_gmt":"2026-04-06T15:12:34","slug":"kaszuby-2025","status":"publish","type":"post","link":"http:\/\/cyklista.com.pl\/index.php\/2025\/07\/01\/kaszuby-2025\/","title":{"rendered":"Kaszuby 2025"},"content":{"rendered":"\n<p class=\"wp-block-paragraph\"><strong>Wczasy rowerowe \u2013 Kaszuby 2025<\/strong><\/p>\n\n\n\n<p class=\"wp-block-paragraph\">W dniach 6\u201315 czerwca 2025 roku nasza rowerowa ekipa postanowi\u0142a rozkr\u0119ci\u0107 peda\u0142y na pe\u0142nych obrotach i ruszy\u0107 w stron\u0119 Kaszub \u2013 regionu, kt\u00f3ry nie bez powodu uchodzi za jedno z najpi\u0119kniejszych miejsc w Polsce. I nie zawiedli\u015bmy si\u0119 ani troch\u0119!<\/p>\n\n\n\n<p class=\"wp-block-paragraph\">By\u0142y g\u00f3ry (cho\u0107 bardziej pag\u00f3rki), jeziora (du\u017ce i mniejsze), nieko\u0144cz\u0105ce si\u0119 lasy, malownicze \u0142\u0105ki i pola. Ale to nie wszystko \u2013 po drodze trafiali\u015bmy na zabytkowe ko\u015bcio\u0142y, dawne warownie i tajemnicze kamienne kr\u0119gi, kt\u00f3re rozbudza\u0142y wyobra\u017ani\u0119 nawet najwi\u0119kszych realist\u00f3w w naszej grupie.<\/p>\n\n\n\n<p class=\"wp-block-paragraph\">Nasz\u0105 przygod\u0119 rozpocz\u0119li\u015bmy w stolicy Bor\u00f3w Tucholskich \u2013 Tucholi. Tam wy\u0142adowali\u015bmy rowery, po\u017cegnali\u015bmy autokar z baga\u017cami (kt\u00f3ry pojecha\u0142 do bazy noclegowej), i ruszyli\u015bmy na tras\u0119 \u2013 pierwsze 60 kilometr\u00f3w po kaszubskich szlakach przesz\u0142o g\u0142adko, bo widoki skutecznie odwraca\u0142y uwag\u0119 od zm\u0119czenia. Dzie\u0144 zako\u0144czyli\u015bmy \u2013 jak przysta\u0142o na Cyklist\u00f3w \u2013 przy ognisku, z kie\u0142bask\u0105, \u015bmiechem i planami na kolejne etapy.<\/p>\n\n\n\n<p class=\"wp-block-paragraph\">Nasz\u0105 baz\u0105 by\u0142 przepi\u0119knie po\u0142o\u017cony o\u015brodek wypoczynkowy&nbsp;<strong>Osada nad Wd\u0105<\/strong>, z drewnianymi, zadbanymi domkami ukrytymi w sosnowym lesie \u2013 idealne miejsce, by z\u0142apa\u0107 oddech po ca\u0142ym dniu jazdy.<\/p>\n\n\n\n<p class=\"wp-block-paragraph\">Kolejne dni to kolejne kilometry i kolejne zachwyty. Odwiedzili\u015bmy m.in. rezerwat \u201eKamienne Kr\u0119gi\u201d w Odrach \u2013 miejsce pe\u0142ne magii i historii, a tak\u017ce imponuj\u0105c\u0105 kalwari\u0119 w Borsku, kt\u00f3ra \u2013 uwaga! \u2013 jest pono\u0107 dwa razy wi\u0119ksza ni\u017c Kalwaria Zebrzydowska.<\/p>\n\n\n\n<p class=\"wp-block-paragraph\">We wtorek 10 czerwca ruszyli\u015bmy w stron\u0119 Chmielna \u2013 to by\u0142 najd\u0142u\u017cszy etap (ok. 70 km), ale nagrod\u0105 by\u0142a nocleg w przytulnym Pensjonacie Krystian. Nast\u0119pnego dnia kolejnych 70 km i\u2026 jeste\u015bmy nad morzem, we W\u0142adys\u0142awowie! Tu jeden dzie\u0144 odpoczynku i relaksu, a potem \u2013 obowi\u0105zkowa wycieczka na Hel, wzd\u0142u\u017c jednej z najpi\u0119kniejszych tras rowerowych w Polsce (ok. 60 km tam i z powrotem).<\/p>\n\n\n\n<p class=\"wp-block-paragraph\">13 czerwca dotarli\u015bmy do \u0141eby \u2013 tu nie mog\u0142o zabrakn\u0105\u0107 spaceru po ruchomych wydmach, troch\u0119 pla\u017cowania i kr\u00f3tkich (tym razem) przeja\u017cd\u017cek rowerowych \u2013 bo trzeba by\u0142o zebra\u0107 si\u0142y na powr\u00f3t.<\/p>\n\n\n\n<p class=\"wp-block-paragraph\">W niedziel\u0119 15 czerwca, punktualnie o 18:00, wyruszyli\u015bmy autokarem z \u0141eby, by nad ranem, oko\u0142o 5:30, zameldowa\u0107 si\u0119 z powrotem w Przeciszowie \u2013 zm\u0119czeni, ale szcz\u0119\u015bliwi.<\/p>\n\n\n\n<p class=\"wp-block-paragraph\">By\u0142o s\u0142o\u0144ce i troch\u0119 deszczu, by\u0142 wiatr we w\u0142osach i piach w butach, by\u0142a przygoda, \u015bwietna ekipa i niepowtarzalna atmosfera.<\/p>\n\n\n\n<p class=\"wp-block-paragraph\">Je\u015bli jeszcze zastanawiasz si\u0119, czy warto pojecha\u0107 z nami \u2013 przesta\u0144.&nbsp;<strong>Warto. I to bardzo.<\/strong><\/p>\n\n\n\n<figure class=\"wp-block-image size-large\"><img fetchpriority=\"high\" decoding=\"async\" width=\"1024\" height=\"461\" src=\"http:\/\/cyklista.com.pl\/wp-content\/uploads\/2026\/04\/kolejny-wieczor-grill-1536x691-1-1024x461.jpeg\" alt=\"\" class=\"wp-image-2814\" srcset=\"http:\/\/cyklista.com.pl\/wp-content\/uploads\/2026\/04\/kolejny-wieczor-grill-1536x691-1-1024x461.jpeg 1024w, http:\/\/cyklista.com.pl\/wp-content\/uploads\/2026\/04\/kolejny-wieczor-grill-1536x691-1-300x135.jpeg 300w, http:\/\/cyklista.com.pl\/wp-content\/uploads\/2026\/04\/kolejny-wieczor-grill-1536x691-1-768x346.jpeg 768w, http:\/\/cyklista.com.pl\/wp-content\/uploads\/2026\/04\/kolejny-wieczor-grill-1536x691-1-340x153.jpeg 340w, http:\/\/cyklista.com.pl\/wp-content\/uploads\/2026\/04\/kolejny-wieczor-grill-1536x691-1-450x202.jpeg 450w, http:\/\/cyklista.com.pl\/wp-content\/uploads\/2026\/04\/kolejny-wieczor-grill-1536x691-1.jpeg 1536w\" sizes=\"(max-width: 1024px) 100vw, 1024px\" \/><\/figure>\n\n\n\n<figure class=\"wp-block-image size-large\"><img decoding=\"async\" width=\"1024\" height=\"461\" src=\"http:\/\/cyklista.com.pl\/wp-content\/uploads\/2026\/04\/nad-jeziorem-wdzydzkim-1536x692-1-1024x461.jpeg\" alt=\"\" class=\"wp-image-2812\" srcset=\"http:\/\/cyklista.com.pl\/wp-content\/uploads\/2026\/04\/nad-jeziorem-wdzydzkim-1536x692-1-1024x461.jpeg 1024w, http:\/\/cyklista.com.pl\/wp-content\/uploads\/2026\/04\/nad-jeziorem-wdzydzkim-1536x692-1-300x135.jpeg 300w, http:\/\/cyklista.com.pl\/wp-content\/uploads\/2026\/04\/nad-jeziorem-wdzydzkim-1536x692-1-768x346.jpeg 768w, http:\/\/cyklista.com.pl\/wp-content\/uploads\/2026\/04\/nad-jeziorem-wdzydzkim-1536x692-1-340x153.jpeg 340w, http:\/\/cyklista.com.pl\/wp-content\/uploads\/2026\/04\/nad-jeziorem-wdzydzkim-1536x692-1-450x203.jpeg 450w, http:\/\/cyklista.com.pl\/wp-content\/uploads\/2026\/04\/nad-jeziorem-wdzydzkim-1536x692-1.jpeg 1536w\" sizes=\"(max-width: 1024px) 100vw, 1024px\" \/><\/figure>\n\n\n\n<figure class=\"wp-block-image size-large\"><img decoding=\"async\" width=\"1024\" height=\"461\" src=\"http:\/\/cyklista.com.pl\/wp-content\/uploads\/2026\/04\/plaza-przy-wydmach-1-1536x692-1-1024x461.jpeg\" alt=\"\" class=\"wp-image-2811\" srcset=\"http:\/\/cyklista.com.pl\/wp-content\/uploads\/2026\/04\/plaza-przy-wydmach-1-1536x692-1-1024x461.jpeg 1024w, http:\/\/cyklista.com.pl\/wp-content\/uploads\/2026\/04\/plaza-przy-wydmach-1-1536x692-1-300x135.jpeg 300w, http:\/\/cyklista.com.pl\/wp-content\/uploads\/2026\/04\/plaza-przy-wydmach-1-1536x692-1-768x346.jpeg 768w, http:\/\/cyklista.com.pl\/wp-content\/uploads\/2026\/04\/plaza-przy-wydmach-1-1536x692-1-340x153.jpeg 340w, http:\/\/cyklista.com.pl\/wp-content\/uploads\/2026\/04\/plaza-przy-wydmach-1-1536x692-1-450x203.jpeg 450w, http:\/\/cyklista.com.pl\/wp-content\/uploads\/2026\/04\/plaza-przy-wydmach-1-1536x692-1.jpeg 1536w\" sizes=\"(max-width: 1024px) 100vw, 1024px\" \/><\/figure>\n\n\n\n<figure class=\"wp-block-image size-large\"><img loading=\"lazy\" decoding=\"async\" width=\"1024\" height=\"461\" src=\"http:\/\/cyklista.com.pl\/wp-content\/uploads\/2026\/04\/plaza-przy-wydmach-2-1536x692-1-1024x461.jpeg\" alt=\"\" class=\"wp-image-2813\" srcset=\"http:\/\/cyklista.com.pl\/wp-content\/uploads\/2026\/04\/plaza-przy-wydmach-2-1536x692-1-1024x461.jpeg 1024w, http:\/\/cyklista.com.pl\/wp-content\/uploads\/2026\/04\/plaza-przy-wydmach-2-1536x692-1-300x135.jpeg 300w, http:\/\/cyklista.com.pl\/wp-content\/uploads\/2026\/04\/plaza-przy-wydmach-2-1536x692-1-768x346.jpeg 768w, http:\/\/cyklista.com.pl\/wp-content\/uploads\/2026\/04\/plaza-przy-wydmach-2-1536x692-1-340x153.jpeg 340w, http:\/\/cyklista.com.pl\/wp-content\/uploads\/2026\/04\/plaza-przy-wydmach-2-1536x692-1-450x203.jpeg 450w, http:\/\/cyklista.com.pl\/wp-content\/uploads\/2026\/04\/plaza-przy-wydmach-2-1536x692-1.jpeg 1536w\" sizes=\"(max-width: 1024px) 100vw, 1024px\" \/><\/figure>\n\n\n\n<figure class=\"wp-block-image size-large\"><img loading=\"lazy\" decoding=\"async\" width=\"1024\" height=\"461\" src=\"http:\/\/cyklista.com.pl\/wp-content\/uploads\/2026\/04\/pozegnanie-w-Osadzie-nad-Wda-1536x692-1-1024x461.jpeg\" alt=\"\" class=\"wp-image-2815\" srcset=\"http:\/\/cyklista.com.pl\/wp-content\/uploads\/2026\/04\/pozegnanie-w-Osadzie-nad-Wda-1536x692-1-1024x461.jpeg 1024w, http:\/\/cyklista.com.pl\/wp-content\/uploads\/2026\/04\/pozegnanie-w-Osadzie-nad-Wda-1536x692-1-300x135.jpeg 300w, http:\/\/cyklista.com.pl\/wp-content\/uploads\/2026\/04\/pozegnanie-w-Osadzie-nad-Wda-1536x692-1-768x346.jpeg 768w, http:\/\/cyklista.com.pl\/wp-content\/uploads\/2026\/04\/pozegnanie-w-Osadzie-nad-Wda-1536x692-1-340x153.jpeg 340w, http:\/\/cyklista.com.pl\/wp-content\/uploads\/2026\/04\/pozegnanie-w-Osadzie-nad-Wda-1536x692-1-450x203.jpeg 450w, http:\/\/cyklista.com.pl\/wp-content\/uploads\/2026\/04\/pozegnanie-w-Osadzie-nad-Wda-1536x692-1.jpeg 1536w\" sizes=\"(max-width: 1024px) 100vw, 1024px\" \/><\/figure>\n\n\n\n<figure class=\"wp-block-image size-large\"><img loading=\"lazy\" decoding=\"async\" width=\"1024\" height=\"461\" src=\"http:\/\/cyklista.com.pl\/wp-content\/uploads\/2026\/04\/spacer-na-ruchome-piaski-1536x692-1-1024x461.jpeg\" alt=\"\" class=\"wp-image-2816\" srcset=\"http:\/\/cyklista.com.pl\/wp-content\/uploads\/2026\/04\/spacer-na-ruchome-piaski-1536x692-1-1024x461.jpeg 1024w, http:\/\/cyklista.com.pl\/wp-content\/uploads\/2026\/04\/spacer-na-ruchome-piaski-1536x692-1-300x135.jpeg 300w, http:\/\/cyklista.com.pl\/wp-content\/uploads\/2026\/04\/spacer-na-ruchome-piaski-1536x692-1-768x346.jpeg 768w, http:\/\/cyklista.com.pl\/wp-content\/uploads\/2026\/04\/spacer-na-ruchome-piaski-1536x692-1-340x153.jpeg 340w, http:\/\/cyklista.com.pl\/wp-content\/uploads\/2026\/04\/spacer-na-ruchome-piaski-1536x692-1-450x203.jpeg 450w, http:\/\/cyklista.com.pl\/wp-content\/uploads\/2026\/04\/spacer-na-ruchome-piaski-1536x692-1.jpeg 1536w\" sizes=\"(max-width: 1024px) 100vw, 1024px\" \/><\/figure>\n\n\n\n<figure class=\"wp-block-image size-large\"><img loading=\"lazy\" decoding=\"async\" width=\"1024\" height=\"461\" src=\"http:\/\/cyklista.com.pl\/wp-content\/uploads\/2026\/04\/trasa-wzdluz-jeziora-wdzydzkiego-1536x692-1-1024x461.jpeg\" alt=\"\" class=\"wp-image-2818\" srcset=\"http:\/\/cyklista.com.pl\/wp-content\/uploads\/2026\/04\/trasa-wzdluz-jeziora-wdzydzkiego-1536x692-1-1024x461.jpeg 1024w, http:\/\/cyklista.com.pl\/wp-content\/uploads\/2026\/04\/trasa-wzdluz-jeziora-wdzydzkiego-1536x692-1-300x135.jpeg 300w, http:\/\/cyklista.com.pl\/wp-content\/uploads\/2026\/04\/trasa-wzdluz-jeziora-wdzydzkiego-1536x692-1-768x346.jpeg 768w, http:\/\/cyklista.com.pl\/wp-content\/uploads\/2026\/04\/trasa-wzdluz-jeziora-wdzydzkiego-1536x692-1-340x153.jpeg 340w, http:\/\/cyklista.com.pl\/wp-content\/uploads\/2026\/04\/trasa-wzdluz-jeziora-wdzydzkiego-1536x692-1-450x203.jpeg 450w, http:\/\/cyklista.com.pl\/wp-content\/uploads\/2026\/04\/trasa-wzdluz-jeziora-wdzydzkiego-1536x692-1.jpeg 1536w\" sizes=\"(max-width: 1024px) 100vw, 1024px\" \/><\/figure>\n\n\n\n<figure class=\"wp-block-image size-full\"><img loading=\"lazy\" decoding=\"async\" width=\"900\" height=\"444\" src=\"http:\/\/cyklista.com.pl\/wp-content\/uploads\/2026\/04\/Wdzydze-Park-Krajobrazowy-900x444-2.jpeg\" alt=\"\" class=\"wp-image-2817\" srcset=\"http:\/\/cyklista.com.pl\/wp-content\/uploads\/2026\/04\/Wdzydze-Park-Krajobrazowy-900x444-2.jpeg 900w, http:\/\/cyklista.com.pl\/wp-content\/uploads\/2026\/04\/Wdzydze-Park-Krajobrazowy-900x444-2-300x148.jpeg 300w, http:\/\/cyklista.com.pl\/wp-content\/uploads\/2026\/04\/Wdzydze-Park-Krajobrazowy-900x444-2-768x379.jpeg 768w, http:\/\/cyklista.com.pl\/wp-content\/uploads\/2026\/04\/Wdzydze-Park-Krajobrazowy-900x444-2-340x168.jpeg 340w, http:\/\/cyklista.com.pl\/wp-content\/uploads\/2026\/04\/Wdzydze-Park-Krajobrazowy-900x444-2-450x222.jpeg 450w\" sizes=\"(max-width: 900px) 100vw, 900px\" \/><\/figure>\n\n\n\n<figure class=\"wp-block-image size-large\"><img loading=\"lazy\" decoding=\"async\" width=\"1024\" height=\"461\" src=\"http:\/\/cyklista.com.pl\/wp-content\/uploads\/2026\/04\/WhatsApp-Image-2025-06-30-at-13.29.07-7-1536x692-1-1024x461.jpeg\" alt=\"\" class=\"wp-image-2819\" srcset=\"http:\/\/cyklista.com.pl\/wp-content\/uploads\/2026\/04\/WhatsApp-Image-2025-06-30-at-13.29.07-7-1536x692-1-1024x461.jpeg 1024w, http:\/\/cyklista.com.pl\/wp-content\/uploads\/2026\/04\/WhatsApp-Image-2025-06-30-at-13.29.07-7-1536x692-1-300x135.jpeg 300w, http:\/\/cyklista.com.pl\/wp-content\/uploads\/2026\/04\/WhatsApp-Image-2025-06-30-at-13.29.07-7-1536x692-1-768x346.jpeg 768w, http:\/\/cyklista.com.pl\/wp-content\/uploads\/2026\/04\/WhatsApp-Image-2025-06-30-at-13.29.07-7-1536x692-1-340x153.jpeg 340w, http:\/\/cyklista.com.pl\/wp-content\/uploads\/2026\/04\/WhatsApp-Image-2025-06-30-at-13.29.07-7-1536x692-1-450x203.jpeg 450w, http:\/\/cyklista.com.pl\/wp-content\/uploads\/2026\/04\/WhatsApp-Image-2025-06-30-at-13.29.07-7-1536x692-1.jpeg 1536w\" sizes=\"(max-width: 1024px) 100vw, 1024px\" \/><\/figure>\n\n\n\n<figure class=\"wp-block-image size-large\"><img loading=\"lazy\" decoding=\"async\" width=\"1024\" height=\"461\" src=\"http:\/\/cyklista.com.pl\/wp-content\/uploads\/2026\/04\/Wjazd-na-Hel-1536x692-1-1024x461.jpeg\" alt=\"\" class=\"wp-image-2820\" srcset=\"http:\/\/cyklista.com.pl\/wp-content\/uploads\/2026\/04\/Wjazd-na-Hel-1536x692-1-1024x461.jpeg 1024w, http:\/\/cyklista.com.pl\/wp-content\/uploads\/2026\/04\/Wjazd-na-Hel-1536x692-1-300x135.jpeg 300w, http:\/\/cyklista.com.pl\/wp-content\/uploads\/2026\/04\/Wjazd-na-Hel-1536x692-1-768x346.jpeg 768w, http:\/\/cyklista.com.pl\/wp-content\/uploads\/2026\/04\/Wjazd-na-Hel-1536x692-1-340x153.jpeg 340w, http:\/\/cyklista.com.pl\/wp-content\/uploads\/2026\/04\/Wjazd-na-Hel-1536x692-1-450x203.jpeg 450w, http:\/\/cyklista.com.pl\/wp-content\/uploads\/2026\/04\/Wjazd-na-Hel-1536x692-1.jpeg 1536w\" sizes=\"(max-width: 1024px) 100vw, 1024px\" \/><\/figure>\n","protected":false},"excerpt":{"rendered":"<p>Wczasy rowerowe \u2013 Kaszuby 2025 W dniach 6\u201315 czerwca 2025 roku nasza rowerowa ekipa postanowi\u0142a rozkr\u0119ci\u0107 peda\u0142y na pe\u0142nych obrotach i ruszy\u0107 w stron\u0119 Kaszub \u2013 regionu, kt\u00f3ry nie bez powodu uchodzi za jedno z najpi\u0119kniejszych miejsc w Polsce. I nie zawiedli\u015bmy si\u0119 ani troch\u0119! By\u0142y g\u00f3ry (cho\u0107 bardziej pag\u00f3rki), jeziora (du\u017ce i mniejsze), nieko\u0144cz\u0105ce [&hellip;]<\/p>\n","protected":false},"author":1,"featured_media":2810,"comment_status":"closed","ping_status":"closed","sticky":false,"template":"","format":"standard","meta":{"footnotes":""},"categories":[51],"tags":[],"class_list":["post-2809","post","type-post","status-publish","format-standard","has-post-thumbnail","hentry","category-aktualnosci"],"_links":{"self":[{"href":"http:\/\/cyklista.com.pl\/index.php\/wp-json\/wp\/v2\/posts\/2809","targetHints":{"allow":["GET"]}}],"collection":[{"href":"http:\/\/cyklista.com.pl\/index.php\/wp-json\/wp\/v2\/posts"}],"about":[{"href":"http:\/\/cyklista.com.pl\/index.php\/wp-json\/wp\/v2\/types\/post"}],"author":[{"embeddable":true,"href":"http:\/\/cyklista.com.pl\/index.php\/wp-json\/wp\/v2\/users\/1"}],"replies":[{"embeddable":true,"href":"http:\/\/cyklista.com.pl\/index.php\/wp-json\/wp\/v2\/comments?post=2809"}],"version-history":[{"count":1,"href":"http:\/\/cyklista.com.pl\/index.php\/wp-json\/wp\/v2\/posts\/2809\/revisions"}],"predecessor-version":[{"id":2821,"href":"http:\/\/cyklista.com.pl\/index.php\/wp-json\/wp\/v2\/posts\/2809\/revisions\/2821"}],"wp:featuredmedia":[{"embeddable":true,"href":"http:\/\/cyklista.com.pl\/index.php\/wp-json\/wp\/v2\/media\/2810"}],"wp:attachment":[{"href":"http:\/\/cyklista.com.pl\/index.php\/wp-json\/wp\/v2\/media?parent=2809"}],"wp:term":[{"taxonomy":"category","embeddable":true,"href":"http:\/\/cyklista.com.pl\/index.php\/wp-json\/wp\/v2\/categories?post=2809"},{"taxonomy":"post_tag","embeddable":true,"href":"http:\/\/cyklista.com.pl\/index.php\/wp-json\/wp\/v2\/tags?post=2809"}],"curies":[{"name":"wp","href":"https:\/\/api.w.org\/{rel}","templated":true}]}}