{"id":2822,"date":"2025-05-14T17:19:54","date_gmt":"2025-05-14T15:19:54","guid":{"rendered":"http:\/\/cyklista.com.pl\/?p=2822"},"modified":"2026-04-06T17:21:27","modified_gmt":"2026-04-06T15:21:27","slug":"walne-zgromadzenie-czlonkow","status":"publish","type":"post","link":"http:\/\/cyklista.com.pl\/index.php\/2025\/05\/14\/walne-zgromadzenie-czlonkow\/","title":{"rendered":"Walne Zgromadzenie Cz\u0142onk\u00f3w"},"content":{"rendered":"\n<p class=\"wp-block-paragraph\">Zarz\u0105d Towarzystwa Turystyki Rowerowej Cyklista<\/p>\n\n\n\n<p class=\"wp-block-paragraph\">z siedzib\u0105 w Przeciszowie<\/p>\n\n\n\n<p class=\"wp-block-paragraph\">zgodnie z \u00a7 29 Statutu TTR Cyklista<\/p>\n\n\n\n<p class=\"wp-block-paragraph\"><strong>Z a p r a s z a<\/strong><\/p>\n\n\n\n<p class=\"wp-block-paragraph\">cz\u0142onk\u00f3w Stowarzyszenia na Walne Zgromadzenie Cz\u0142onk\u00f3w, kt\u00f3re odb\u0119dzie si\u0119 w dniu<strong>&nbsp;17.05.2025 w Domu Kultury w Przeciszowie,<\/strong>&nbsp;Przecisz\u00f3w ul. D\u0142uga 6,&nbsp;<strong>o godzinie 17,00..<\/strong><\/p>\n\n\n\n<p class=\"wp-block-paragraph\">Poni\u017cej przedstawiam Program Walnego Zgromadzenia Cz\u0142onk\u00f3w i prosz\u0119 o niezawodne przybycie.&nbsp;&nbsp; Marian Kocemba Prezes Zarz\u0105du<\/p>\n\n\n\n<p class=\"wp-block-paragraph\">Proponowany program Walnego Zgromadzenia Cz\u0142onk\u00f3w Towarzystwa Turystyki Rowerowej Cyklista;<\/p>\n\n\n\n<ol class=\"wp-block-list\">\n<li>Otwarcie Walnego Zgromadzenia Cz\u0142onk\u00f3w, stwierdzenie prawomocno\u015bci obrad, przyj\u0119cie porz\u0105dku obrad.<\/li>\n\n\n\n<li>Wyb\u00f3r Przewodnicz\u0105cego Zebrania i Prezydium Walnego Zgromadzenia.<\/li>\n\n\n\n<li>Wyb\u00f3r Komisji skrutacyjnej.<\/li>\n\n\n\n<li>Wyb\u00f3r komisji Uchwa\u0142 i Wniosk\u00f3w.<\/li>\n\n\n\n<li>Przedstawienie sprawozdania merytorycznego Zarz\u0105du Stowarzyszenia za 2024 r.<\/li>\n\n\n\n<li>Przedstawienie sprawozdania finansowego Zarz\u0105du Stowarzyszenia za 2024 r.<\/li>\n\n\n\n<li>Sprawozdanie komisji rewizyjnej za 2024r.<\/li>\n\n\n\n<li>Dyskusja nad sprawozdaniami.<\/li>\n\n\n\n<li>Podj\u0119cie uchwa\u0142 w sprawie;<\/li>\n<\/ol>\n\n\n\n<p class=\"wp-block-paragraph\">&#8211;&nbsp; przyj\u0119cia sprawozdania merytorycznego z dzia\u0142alno\u015bci Zarz\u0105du za 2024 rok.<\/p>\n\n\n\n<p class=\"wp-block-paragraph\">&#8211; przyj\u0119cia sprawozdania finansowego z dzia\u0142alno\u015bci Zarz\u0105du za 2024r.<\/p>\n\n\n\n<p class=\"wp-block-paragraph\">&#8211; zatwierdzenia sprawozdania komisji rewizyjnej za 2024 rok.<\/p>\n\n\n\n<ol start=\"10\" class=\"wp-block-list\">\n<li>Wniosek komisji rewizyjnej o udzielenie absolutorium dla ust\u0119puj\u0105cego zarz\u0105du.<\/li>\n\n\n\n<li>Podj\u0119cie uchwa\u0142y w sprawie udzielenia absolutorium ust\u0119puj\u0105cemu Zarz\u0105dowi.<\/li>\n\n\n\n<li>Przeprowadzenie wybor\u00f3w nowych w\u0142adz stowarzyszenia.<\/li>\n\n\n\n<li>Podj\u0119cie uchwa\u0142 w sprawie;<\/li>\n<\/ol>\n\n\n\n<p class=\"wp-block-paragraph\">&#8211; wyboru Prezesa Towarzystwa Turystyki Rowerowej Cyklista.<\/p>\n\n\n\n<p class=\"wp-block-paragraph\">&#8211; wyboru Zarz\u0105du Towarzystwa Turystyki Rowerowej Cyklista.<\/p>\n\n\n\n<p class=\"wp-block-paragraph\">&#8211; wyboru Komisji Rewizyjnej Towarzystwa Turystyki Rowerowej Cyklista.<\/p>\n\n\n\n<ol start=\"14\" class=\"wp-block-list\">\n<li>Przedstawienie planu pracy na rok 2025.<\/li>\n\n\n\n<li>Wolne wnioski.<\/li>\n\n\n\n<li>Zako\u0144czenie obrad Zgromadzenia.<\/li>\n<\/ol>\n\n\n\n<p class=\"wp-block-paragraph\">Marian Kocemba.<\/p>\n","protected":false},"excerpt":{"rendered":"<p>Zarz\u0105d Towarzystwa Turystyki Rowerowej Cyklista z siedzib\u0105 w Przeciszowie zgodnie z \u00a7 29 Statutu TTR Cyklista Z a p r a s z a cz\u0142onk\u00f3w Stowarzyszenia na Walne Zgromadzenie Cz\u0142onk\u00f3w, kt\u00f3re odb\u0119dzie si\u0119 w dniu&nbsp;17.05.2025 w Domu Kultury w Przeciszowie,&nbsp;Przecisz\u00f3w ul. D\u0142uga 6,&nbsp;o godzinie 17,00.. Poni\u017cej przedstawiam Program Walnego Zgromadzenia Cz\u0142onk\u00f3w i prosz\u0119 o niezawodne [&hellip;]<\/p>\n","protected":false},"author":1,"featured_media":0,"comment_status":"closed","ping_status":"closed","sticky":false,"template":"","format":"standard","meta":{"footnotes":""},"categories":[51],"tags":[],"class_list":["post-2822","post","type-post","status-publish","format-standard","hentry","category-aktualnosci"],"_links":{"self":[{"href":"http:\/\/cyklista.com.pl\/index.php\/wp-json\/wp\/v2\/posts\/2822","targetHints":{"allow":["GET"]}}],"collection":[{"href":"http:\/\/cyklista.com.pl\/index.php\/wp-json\/wp\/v2\/posts"}],"about":[{"href":"http:\/\/cyklista.com.pl\/index.php\/wp-json\/wp\/v2\/types\/post"}],"author":[{"embeddable":true,"href":"http:\/\/cyklista.com.pl\/index.php\/wp-json\/wp\/v2\/users\/1"}],"replies":[{"embeddable":true,"href":"http:\/\/cyklista.com.pl\/index.php\/wp-json\/wp\/v2\/comments?post=2822"}],"version-history":[{"count":1,"href":"http:\/\/cyklista.com.pl\/index.php\/wp-json\/wp\/v2\/posts\/2822\/revisions"}],"predecessor-version":[{"id":2823,"href":"http:\/\/cyklista.com.pl\/index.php\/wp-json\/wp\/v2\/posts\/2822\/revisions\/2823"}],"wp:attachment":[{"href":"http:\/\/cyklista.com.pl\/index.php\/wp-json\/wp\/v2\/media?parent=2822"}],"wp:term":[{"taxonomy":"category","embeddable":true,"href":"http:\/\/cyklista.com.pl\/index.php\/wp-json\/wp\/v2\/categories?post=2822"},{"taxonomy":"post_tag","embeddable":true,"href":"http:\/\/cyklista.com.pl\/index.php\/wp-json\/wp\/v2\/tags?post=2822"}],"curies":[{"name":"wp","href":"https:\/\/api.w.org\/{rel}","templated":true}]}}