{"id":2824,"date":"2025-05-13T17:21:45","date_gmt":"2025-05-13T15:21:45","guid":{"rendered":"http:\/\/cyklista.com.pl\/?p=2824"},"modified":"2026-04-06T17:29:15","modified_gmt":"2026-04-06T15:29:15","slug":"rodzinny-rajd-rowerowy-w-przeciszowie","status":"publish","type":"post","link":"http:\/\/cyklista.com.pl\/index.php\/2025\/05\/13\/rodzinny-rajd-rowerowy-w-przeciszowie\/","title":{"rendered":"Rodzinny Rajd Rowerowy w Przeciszowie"},"content":{"rendered":"\n<p class=\"wp-block-paragraph\">Ju\u017c 21 czerwca 2025 odb\u0119dzie si\u0119 Rodzinny Rajd Rowerowy w Przeciszowie. Jest to impreza w ramach \u015awi\u0119ta Gminy! Je\u015bli chcesz wzi\u0105\u0107 w niej udzia\u0142 to zapraszamy do\u00a0<strong>zapis\u00f3w<\/strong>\u00a0w Gminnej Bibliotece Publicznej w Przeciszowie w terminie\u00a0<strong>do 6 czerwca 2025 roku<\/strong>! Nie zapomnij o op\u0142acie 30 z\u0142 od osoby, kt\u00f3rej dokonuje si\u0119 przy zapisie oraz o formularzu na podstawie, kt\u00f3rego zostaniesz zapisany! Szczeg\u00f3\u0142y w regulaminie poni\u017cej<\/p>\n\n\n\n<figure class=\"wp-block-image size-large\"><img fetchpriority=\"high\" decoding=\"async\" width=\"722\" height=\"1024\" src=\"http:\/\/cyklista.com.pl\/wp-content\/uploads\/2026\/04\/rpr_plakat2025-1-1083x1536-1-722x1024.jpg\" alt=\"\" class=\"wp-image-2825\" srcset=\"http:\/\/cyklista.com.pl\/wp-content\/uploads\/2026\/04\/rpr_plakat2025-1-1083x1536-1-722x1024.jpg 722w, http:\/\/cyklista.com.pl\/wp-content\/uploads\/2026\/04\/rpr_plakat2025-1-1083x1536-1-212x300.jpg 212w, http:\/\/cyklista.com.pl\/wp-content\/uploads\/2026\/04\/rpr_plakat2025-1-1083x1536-1-768x1089.jpg 768w, http:\/\/cyklista.com.pl\/wp-content\/uploads\/2026\/04\/rpr_plakat2025-1-1083x1536-1-340x482.jpg 340w, http:\/\/cyklista.com.pl\/wp-content\/uploads\/2026\/04\/rpr_plakat2025-1-1083x1536-1-450x638.jpg 450w, http:\/\/cyklista.com.pl\/wp-content\/uploads\/2026\/04\/rpr_plakat2025-1-1083x1536-1.jpg 1083w\" sizes=\"(max-width: 722px) 100vw, 722px\" \/><\/figure>\n\n\n\n<figure class=\"wp-block-image size-large\"><img decoding=\"async\" width=\"725\" height=\"1024\" src=\"http:\/\/cyklista.com.pl\/wp-content\/uploads\/2026\/04\/Mapa-2025-trasa-rajdu-1-1087x1536-1-725x1024.jpg\" alt=\"\" class=\"wp-image-2826\" srcset=\"http:\/\/cyklista.com.pl\/wp-content\/uploads\/2026\/04\/Mapa-2025-trasa-rajdu-1-1087x1536-1-725x1024.jpg 725w, http:\/\/cyklista.com.pl\/wp-content\/uploads\/2026\/04\/Mapa-2025-trasa-rajdu-1-1087x1536-1-212x300.jpg 212w, http:\/\/cyklista.com.pl\/wp-content\/uploads\/2026\/04\/Mapa-2025-trasa-rajdu-1-1087x1536-1-768x1085.jpg 768w, http:\/\/cyklista.com.pl\/wp-content\/uploads\/2026\/04\/Mapa-2025-trasa-rajdu-1-1087x1536-1-340x480.jpg 340w, http:\/\/cyklista.com.pl\/wp-content\/uploads\/2026\/04\/Mapa-2025-trasa-rajdu-1-1087x1536-1-450x636.jpg 450w, http:\/\/cyklista.com.pl\/wp-content\/uploads\/2026\/04\/Mapa-2025-trasa-rajdu-1-1087x1536-1.jpg 1087w\" sizes=\"(max-width: 725px) 100vw, 725px\" \/><\/figure>\n","protected":false},"excerpt":{"rendered":"<p>Ju\u017c 21 czerwca 2025 odb\u0119dzie si\u0119 Rodzinny Rajd Rowerowy w Przeciszowie. Jest to impreza w ramach \u015awi\u0119ta Gminy! Je\u015bli chcesz wzi\u0105\u0107 w niej udzia\u0142 to zapraszamy do\u00a0zapis\u00f3w\u00a0w Gminnej Bibliotece Publicznej w Przeciszowie w terminie\u00a0do 6 czerwca 2025 roku! Nie zapomnij o op\u0142acie 30 z\u0142 od osoby, kt\u00f3rej dokonuje si\u0119 przy zapisie oraz o formularzu na [&hellip;]<\/p>\n","protected":false},"author":1,"featured_media":2827,"comment_status":"closed","ping_status":"closed","sticky":false,"template":"","format":"standard","meta":{"footnotes":""},"categories":[51],"tags":[],"class_list":["post-2824","post","type-post","status-publish","format-standard","has-post-thumbnail","hentry","category-aktualnosci"],"_links":{"self":[{"href":"http:\/\/cyklista.com.pl\/index.php\/wp-json\/wp\/v2\/posts\/2824","targetHints":{"allow":["GET"]}}],"collection":[{"href":"http:\/\/cyklista.com.pl\/index.php\/wp-json\/wp\/v2\/posts"}],"about":[{"href":"http:\/\/cyklista.com.pl\/index.php\/wp-json\/wp\/v2\/types\/post"}],"author":[{"embeddable":true,"href":"http:\/\/cyklista.com.pl\/index.php\/wp-json\/wp\/v2\/users\/1"}],"replies":[{"embeddable":true,"href":"http:\/\/cyklista.com.pl\/index.php\/wp-json\/wp\/v2\/comments?post=2824"}],"version-history":[{"count":1,"href":"http:\/\/cyklista.com.pl\/index.php\/wp-json\/wp\/v2\/posts\/2824\/revisions"}],"predecessor-version":[{"id":2828,"href":"http:\/\/cyklista.com.pl\/index.php\/wp-json\/wp\/v2\/posts\/2824\/revisions\/2828"}],"wp:featuredmedia":[{"embeddable":true,"href":"http:\/\/cyklista.com.pl\/index.php\/wp-json\/wp\/v2\/media\/2827"}],"wp:attachment":[{"href":"http:\/\/cyklista.com.pl\/index.php\/wp-json\/wp\/v2\/media?parent=2824"}],"wp:term":[{"taxonomy":"category","embeddable":true,"href":"http:\/\/cyklista.com.pl\/index.php\/wp-json\/wp\/v2\/categories?post=2824"},{"taxonomy":"post_tag","embeddable":true,"href":"http:\/\/cyklista.com.pl\/index.php\/wp-json\/wp\/v2\/tags?post=2824"}],"curies":[{"name":"wp","href":"https:\/\/api.w.org\/{rel}","templated":true}]}}