{"id":2829,"date":"2025-05-06T17:30:40","date_gmt":"2025-05-06T15:30:40","guid":{"rendered":"http:\/\/cyklista.com.pl\/?p=2829"},"modified":"2026-04-06T17:53:20","modified_gmt":"2026-04-06T15:53:20","slug":"majowy-weekend-2025","status":"publish","type":"post","link":"http:\/\/cyklista.com.pl\/index.php\/2025\/05\/06\/majowy-weekend-2025\/","title":{"rendered":"Majowy weekend 2025"},"content":{"rendered":"\n<p class=\"wp-block-paragraph\"><strong>Maj\u00f3wka na dw\u00f3ch k\u00f3\u0142kach \u2013 czyli nasza wyprawa nad Jezioro Gocza\u0142kowickie&nbsp;<\/strong><strong>\ud83d\udeb4<\/strong><strong>\u200d<\/strong><strong>\u2640<\/strong><strong>\ufe0f<\/strong><strong>\ud83c\udf3c<\/strong><\/p>\n\n\n\n<p class=\"wp-block-paragraph\">Maj\u00f3wka to dla naszego klubu tradycyjny czas rowerowych przyg\u00f3d \u2013 nie inaczej by\u0142o w tym roku! Po zesz\u0142orocznej wyprawie do Wiednia, tym razem postawili\u015bmy na polskie klimaty i\u2026 wcale nie \u017ca\u0142ujemy!<\/p>\n\n\n\n<p class=\"wp-block-paragraph\">Nasz\u0105 baz\u0105 by\u0142 klimatyczny Hotel Kuban \u2013 miejsce z dusz\u0105 i przesympatyczn\u0105 obs\u0142ug\u0105. St\u0105d ruszali\u015bmy ka\u017cdego dnia na rowerowe odkrywanie okolic Jeziora Gocza\u0142kowickiego. Trasa? Zr\u00f3\u017cnicowana \u2013 troch\u0119 p\u0142asko, troch\u0119 pod g\u00f3r\u0119, a czasem z widokiem, kt\u00f3ry zapiera dech.<\/p>\n\n\n\n<p class=\"wp-block-paragraph\">Jedn\u0105 z naszych ulubionych atrakcji by\u0142 podjazd na Trzy Lipki w Bielsku-Bia\u0142ej \u2013 punkt widokowy, z kt\u00f3rego rozpo\u015bciera si\u0119 panorama Beskidu Ma\u0142ego i \u015al\u0105skiego. A\u017c chcia\u0142o si\u0119 zatrzyma\u0107 na d\u0142u\u017cej!<\/p>\n\n\n\n<p class=\"wp-block-paragraph\">Nie zabrak\u0142o te\u017c ogrodowych klimat\u00f3w \u2013 Ogrody Kapias oczarowa\u0142y nas kolorami, zapachami i pi\u0119knie zaplanowanymi alejkami. Idealne miejsce na chwil\u0119 oddechu i&#8230; kilka zdj\u0119\u0107. Je\u015bli kochasz rower, przyrod\u0119 i dobr\u0105 atmosfer\u0119 \u2013 do\u0142\u0105cz do nas! Ka\u017cda wyprawa to nie tylko kilometry, ale i masa wspomnie\u0144<\/p>\n\n\n\n<figure class=\"wp-block-image size-large\"><img fetchpriority=\"high\" decoding=\"async\" width=\"1024\" height=\"461\" src=\"http:\/\/cyklista.com.pl\/wp-content\/uploads\/2026\/04\/start-1536x692-1-1024x461.jpeg\" alt=\"\" class=\"wp-image-2831\" srcset=\"http:\/\/cyklista.com.pl\/wp-content\/uploads\/2026\/04\/start-1536x692-1-1024x461.jpeg 1024w, http:\/\/cyklista.com.pl\/wp-content\/uploads\/2026\/04\/start-1536x692-1-300x135.jpeg 300w, http:\/\/cyklista.com.pl\/wp-content\/uploads\/2026\/04\/start-1536x692-1-768x346.jpeg 768w, http:\/\/cyklista.com.pl\/wp-content\/uploads\/2026\/04\/start-1536x692-1-340x153.jpeg 340w, http:\/\/cyklista.com.pl\/wp-content\/uploads\/2026\/04\/start-1536x692-1-450x203.jpeg 450w, http:\/\/cyklista.com.pl\/wp-content\/uploads\/2026\/04\/start-1536x692-1.jpeg 1536w\" sizes=\"(max-width: 1024px) 100vw, 1024px\" \/><\/figure>\n\n\n\n<figure class=\"wp-block-image size-large\"><img decoding=\"async\" width=\"1024\" height=\"768\" src=\"http:\/\/cyklista.com.pl\/wp-content\/uploads\/2026\/04\/WhatsApp-Image-2025-05-04-at-22.00.17-1536x1152-1-1024x768.jpeg\" alt=\"\" class=\"wp-image-2832\" srcset=\"http:\/\/cyklista.com.pl\/wp-content\/uploads\/2026\/04\/WhatsApp-Image-2025-05-04-at-22.00.17-1536x1152-1-1024x768.jpeg 1024w, http:\/\/cyklista.com.pl\/wp-content\/uploads\/2026\/04\/WhatsApp-Image-2025-05-04-at-22.00.17-1536x1152-1-300x225.jpeg 300w, http:\/\/cyklista.com.pl\/wp-content\/uploads\/2026\/04\/WhatsApp-Image-2025-05-04-at-22.00.17-1536x1152-1-768x576.jpeg 768w, http:\/\/cyklista.com.pl\/wp-content\/uploads\/2026\/04\/WhatsApp-Image-2025-05-04-at-22.00.17-1536x1152-1-340x255.jpeg 340w, http:\/\/cyklista.com.pl\/wp-content\/uploads\/2026\/04\/WhatsApp-Image-2025-05-04-at-22.00.17-1536x1152-1-450x338.jpeg 450w, http:\/\/cyklista.com.pl\/wp-content\/uploads\/2026\/04\/WhatsApp-Image-2025-05-04-at-22.00.17-1536x1152-1.jpeg 1536w\" sizes=\"(max-width: 1024px) 100vw, 1024px\" \/><\/figure>\n\n\n\n<figure class=\"wp-block-image size-large\"><img decoding=\"async\" width=\"1024\" height=\"576\" src=\"http:\/\/cyklista.com.pl\/wp-content\/uploads\/2026\/04\/WhatsApp-Image-2025-05-04-at-21.18.14-1-1536x864-1-1024x576.jpeg\" alt=\"\" class=\"wp-image-2833\" srcset=\"http:\/\/cyklista.com.pl\/wp-content\/uploads\/2026\/04\/WhatsApp-Image-2025-05-04-at-21.18.14-1-1536x864-1-1024x576.jpeg 1024w, http:\/\/cyklista.com.pl\/wp-content\/uploads\/2026\/04\/WhatsApp-Image-2025-05-04-at-21.18.14-1-1536x864-1-300x169.jpeg 300w, http:\/\/cyklista.com.pl\/wp-content\/uploads\/2026\/04\/WhatsApp-Image-2025-05-04-at-21.18.14-1-1536x864-1-768x432.jpeg 768w, http:\/\/cyklista.com.pl\/wp-content\/uploads\/2026\/04\/WhatsApp-Image-2025-05-04-at-21.18.14-1-1536x864-1-340x191.jpeg 340w, http:\/\/cyklista.com.pl\/wp-content\/uploads\/2026\/04\/WhatsApp-Image-2025-05-04-at-21.18.14-1-1536x864-1-450x253.jpeg 450w, http:\/\/cyklista.com.pl\/wp-content\/uploads\/2026\/04\/WhatsApp-Image-2025-05-04-at-21.18.14-1-1536x864-1.jpeg 1536w\" sizes=\"(max-width: 1024px) 100vw, 1024px\" \/><\/figure>\n\n\n\n<figure class=\"wp-block-image size-large\"><img loading=\"lazy\" decoding=\"async\" width=\"1024\" height=\"768\" src=\"http:\/\/cyklista.com.pl\/wp-content\/uploads\/2026\/04\/WhatsApp-Image-2025-05-04-at-20.58.15-1536x1152-1-1024x768.jpeg\" alt=\"\" class=\"wp-image-2834\" srcset=\"http:\/\/cyklista.com.pl\/wp-content\/uploads\/2026\/04\/WhatsApp-Image-2025-05-04-at-20.58.15-1536x1152-1-1024x768.jpeg 1024w, http:\/\/cyklista.com.pl\/wp-content\/uploads\/2026\/04\/WhatsApp-Image-2025-05-04-at-20.58.15-1536x1152-1-300x225.jpeg 300w, http:\/\/cyklista.com.pl\/wp-content\/uploads\/2026\/04\/WhatsApp-Image-2025-05-04-at-20.58.15-1536x1152-1-768x576.jpeg 768w, http:\/\/cyklista.com.pl\/wp-content\/uploads\/2026\/04\/WhatsApp-Image-2025-05-04-at-20.58.15-1536x1152-1-340x255.jpeg 340w, http:\/\/cyklista.com.pl\/wp-content\/uploads\/2026\/04\/WhatsApp-Image-2025-05-04-at-20.58.15-1536x1152-1-450x338.jpeg 450w, http:\/\/cyklista.com.pl\/wp-content\/uploads\/2026\/04\/WhatsApp-Image-2025-05-04-at-20.58.15-1536x1152-1.jpeg 1536w\" sizes=\"(max-width: 1024px) 100vw, 1024px\" \/><\/figure>\n\n\n\n<figure class=\"wp-block-image size-large\"><img loading=\"lazy\" decoding=\"async\" width=\"1024\" height=\"768\" src=\"http:\/\/cyklista.com.pl\/wp-content\/uploads\/2026\/04\/WhatsApp-Image-2025-05-04-at-20.58.59-1536x1152-1-1024x768.jpeg\" alt=\"\" class=\"wp-image-2837\" srcset=\"http:\/\/cyklista.com.pl\/wp-content\/uploads\/2026\/04\/WhatsApp-Image-2025-05-04-at-20.58.59-1536x1152-1-1024x768.jpeg 1024w, http:\/\/cyklista.com.pl\/wp-content\/uploads\/2026\/04\/WhatsApp-Image-2025-05-04-at-20.58.59-1536x1152-1-300x225.jpeg 300w, http:\/\/cyklista.com.pl\/wp-content\/uploads\/2026\/04\/WhatsApp-Image-2025-05-04-at-20.58.59-1536x1152-1-768x576.jpeg 768w, http:\/\/cyklista.com.pl\/wp-content\/uploads\/2026\/04\/WhatsApp-Image-2025-05-04-at-20.58.59-1536x1152-1-340x255.jpeg 340w, http:\/\/cyklista.com.pl\/wp-content\/uploads\/2026\/04\/WhatsApp-Image-2025-05-04-at-20.58.59-1536x1152-1-450x338.jpeg 450w, http:\/\/cyklista.com.pl\/wp-content\/uploads\/2026\/04\/WhatsApp-Image-2025-05-04-at-20.58.59-1536x1152-1.jpeg 1536w\" sizes=\"(max-width: 1024px) 100vw, 1024px\" \/><\/figure>\n\n\n\n<figure class=\"wp-block-image size-large\"><img loading=\"lazy\" decoding=\"async\" width=\"1024\" height=\"768\" src=\"http:\/\/cyklista.com.pl\/wp-content\/uploads\/2026\/04\/WhatsApp-Image-2025-05-03-at-12.56.10-1536x1152-1-1024x768.jpeg\" alt=\"\" class=\"wp-image-2838\" srcset=\"http:\/\/cyklista.com.pl\/wp-content\/uploads\/2026\/04\/WhatsApp-Image-2025-05-03-at-12.56.10-1536x1152-1-1024x768.jpeg 1024w, http:\/\/cyklista.com.pl\/wp-content\/uploads\/2026\/04\/WhatsApp-Image-2025-05-03-at-12.56.10-1536x1152-1-300x225.jpeg 300w, http:\/\/cyklista.com.pl\/wp-content\/uploads\/2026\/04\/WhatsApp-Image-2025-05-03-at-12.56.10-1536x1152-1-768x576.jpeg 768w, http:\/\/cyklista.com.pl\/wp-content\/uploads\/2026\/04\/WhatsApp-Image-2025-05-03-at-12.56.10-1536x1152-1-340x255.jpeg 340w, http:\/\/cyklista.com.pl\/wp-content\/uploads\/2026\/04\/WhatsApp-Image-2025-05-03-at-12.56.10-1536x1152-1-450x338.jpeg 450w, http:\/\/cyklista.com.pl\/wp-content\/uploads\/2026\/04\/WhatsApp-Image-2025-05-03-at-12.56.10-1536x1152-1.jpeg 1536w\" sizes=\"(max-width: 1024px) 100vw, 1024px\" \/><\/figure>\n\n\n\n<figure class=\"wp-block-image size-large\"><img loading=\"lazy\" decoding=\"async\" width=\"768\" height=\"1024\" src=\"http:\/\/cyklista.com.pl\/wp-content\/uploads\/2026\/04\/WhatsApp-Image-2025-05-04-at-21.47.43-1152x1536-1-768x1024.jpeg\" alt=\"\" class=\"wp-image-2839\" srcset=\"http:\/\/cyklista.com.pl\/wp-content\/uploads\/2026\/04\/WhatsApp-Image-2025-05-04-at-21.47.43-1152x1536-1-768x1024.jpeg 768w, http:\/\/cyklista.com.pl\/wp-content\/uploads\/2026\/04\/WhatsApp-Image-2025-05-04-at-21.47.43-1152x1536-1-225x300.jpeg 225w, http:\/\/cyklista.com.pl\/wp-content\/uploads\/2026\/04\/WhatsApp-Image-2025-05-04-at-21.47.43-1152x1536-1-340x453.jpeg 340w, http:\/\/cyklista.com.pl\/wp-content\/uploads\/2026\/04\/WhatsApp-Image-2025-05-04-at-21.47.43-1152x1536-1-450x600.jpeg 450w, http:\/\/cyklista.com.pl\/wp-content\/uploads\/2026\/04\/WhatsApp-Image-2025-05-04-at-21.47.43-1152x1536-1.jpeg 1152w\" sizes=\"(max-width: 768px) 100vw, 768px\" \/><\/figure>\n","protected":false},"excerpt":{"rendered":"<p>Maj\u00f3wka na dw\u00f3ch k\u00f3\u0142kach \u2013 czyli nasza wyprawa nad Jezioro Gocza\u0142kowickie&nbsp;\ud83d\udeb4\u200d\u2640\ufe0f\ud83c\udf3c Maj\u00f3wka to dla naszego klubu tradycyjny czas rowerowych przyg\u00f3d \u2013 nie inaczej by\u0142o w tym roku! Po zesz\u0142orocznej wyprawie do Wiednia, tym razem postawili\u015bmy na polskie klimaty i\u2026 wcale nie \u017ca\u0142ujemy! Nasz\u0105 baz\u0105 by\u0142 klimatyczny Hotel Kuban \u2013 miejsce z dusz\u0105 i przesympatyczn\u0105 obs\u0142ug\u0105. [&hellip;]<\/p>\n","protected":false},"author":1,"featured_media":2830,"comment_status":"closed","ping_status":"closed","sticky":false,"template":"","format":"standard","meta":{"footnotes":""},"categories":[51],"tags":[],"class_list":["post-2829","post","type-post","status-publish","format-standard","has-post-thumbnail","hentry","category-aktualnosci"],"_links":{"self":[{"href":"http:\/\/cyklista.com.pl\/index.php\/wp-json\/wp\/v2\/posts\/2829","targetHints":{"allow":["GET"]}}],"collection":[{"href":"http:\/\/cyklista.com.pl\/index.php\/wp-json\/wp\/v2\/posts"}],"about":[{"href":"http:\/\/cyklista.com.pl\/index.php\/wp-json\/wp\/v2\/types\/post"}],"author":[{"embeddable":true,"href":"http:\/\/cyklista.com.pl\/index.php\/wp-json\/wp\/v2\/users\/1"}],"replies":[{"embeddable":true,"href":"http:\/\/cyklista.com.pl\/index.php\/wp-json\/wp\/v2\/comments?post=2829"}],"version-history":[{"count":1,"href":"http:\/\/cyklista.com.pl\/index.php\/wp-json\/wp\/v2\/posts\/2829\/revisions"}],"predecessor-version":[{"id":2840,"href":"http:\/\/cyklista.com.pl\/index.php\/wp-json\/wp\/v2\/posts\/2829\/revisions\/2840"}],"wp:featuredmedia":[{"embeddable":true,"href":"http:\/\/cyklista.com.pl\/index.php\/wp-json\/wp\/v2\/media\/2830"}],"wp:attachment":[{"href":"http:\/\/cyklista.com.pl\/index.php\/wp-json\/wp\/v2\/media?parent=2829"}],"wp:term":[{"taxonomy":"category","embeddable":true,"href":"http:\/\/cyklista.com.pl\/index.php\/wp-json\/wp\/v2\/categories?post=2829"},{"taxonomy":"post_tag","embeddable":true,"href":"http:\/\/cyklista.com.pl\/index.php\/wp-json\/wp\/v2\/tags?post=2829"}],"curies":[{"name":"wp","href":"https:\/\/api.w.org\/{rel}","templated":true}]}}