{"id":2841,"date":"2025-04-15T17:54:23","date_gmt":"2025-04-15T15:54:23","guid":{"rendered":"http:\/\/cyklista.com.pl\/?p=2841"},"modified":"2026-04-06T17:55:51","modified_gmt":"2026-04-06T15:55:51","slug":"rajd-wielkanocny","status":"publish","type":"post","link":"http:\/\/cyklista.com.pl\/index.php\/2025\/04\/15\/rajd-wielkanocny\/","title":{"rendered":"Rajd Wielkanocny"},"content":{"rendered":"\n<p class=\"wp-block-paragraph\">W sobot\u0119, 12 kwietnia 2025 r., odby\u0142 si\u0119 nasz coroczny&nbsp;<strong>Rajd Wielkanocny<\/strong>, w kt\u00f3rym wzi\u0119\u0142o udzia\u0142 a\u017c&nbsp;<strong>38 cz\u0142onk\u00f3w Stowarzyszenia<\/strong>!<\/p>\n\n\n\n<p class=\"wp-block-paragraph\">Startowali\u015bmy i ko\u0144czyli\u015bmy przy&nbsp;<strong>Domu Kultury w Przeciszowie<\/strong>, a trasa rajdu wiod\u0142a przez:<br>\ud83d\udccd Przecisz\u00f3w \u2013 Piotrowice \u2013 \u0141owiczki \u2013 Zator \u2013 Podolsze \u2013 Przyr\u0119b \u2013 Przecisz\u00f3w.<\/p>\n\n\n\n<p class=\"wp-block-paragraph\">Rajd poprowadzi\u0142 nasz niezawodny prezes \u2013&nbsp;<strong>kolega Marian<\/strong>. Pogoda dopisa\u0142a \u2013 s\u0142o\u0144ce, dobra energia i jeszcze lepsze humory!<\/p>\n\n\n\n<p class=\"wp-block-paragraph\">Na zako\u0144czenie wsp\u00f3lnie zasiedli\u015bmy do&nbsp;<strong>przed\u015bwi\u0105tecznego spotkania wielkanocnego<\/strong>, gdzie mogli\u015bmy delektowa\u0107 si\u0119 pysznymi potrawami przygotowanymi przez naszych cz\u0142onk\u00f3w i cz\u0142onkinie.<\/p>\n\n\n\n<figure class=\"wp-block-image size-large\"><img fetchpriority=\"high\" decoding=\"async\" width=\"1024\" height=\"577\" src=\"http:\/\/cyklista.com.pl\/wp-content\/uploads\/2026\/04\/fe0c0677-dee6-4517-ba85-cc254c6bd425-1536x865-1-1024x577.jpeg\" alt=\"\" class=\"wp-image-2844\" srcset=\"http:\/\/cyklista.com.pl\/wp-content\/uploads\/2026\/04\/fe0c0677-dee6-4517-ba85-cc254c6bd425-1536x865-1-1024x577.jpeg 1024w, http:\/\/cyklista.com.pl\/wp-content\/uploads\/2026\/04\/fe0c0677-dee6-4517-ba85-cc254c6bd425-1536x865-1-300x169.jpeg 300w, http:\/\/cyklista.com.pl\/wp-content\/uploads\/2026\/04\/fe0c0677-dee6-4517-ba85-cc254c6bd425-1536x865-1-768x433.jpeg 768w, http:\/\/cyklista.com.pl\/wp-content\/uploads\/2026\/04\/fe0c0677-dee6-4517-ba85-cc254c6bd425-1536x865-1-340x191.jpeg 340w, http:\/\/cyklista.com.pl\/wp-content\/uploads\/2026\/04\/fe0c0677-dee6-4517-ba85-cc254c6bd425-1536x865-1-450x253.jpeg 450w, http:\/\/cyklista.com.pl\/wp-content\/uploads\/2026\/04\/fe0c0677-dee6-4517-ba85-cc254c6bd425-1536x865-1.jpeg 1536w\" sizes=\"(max-width: 1024px) 100vw, 1024px\" \/><\/figure>\n\n\n\n<figure class=\"wp-block-image size-large\"><img decoding=\"async\" width=\"576\" height=\"1024\" src=\"http:\/\/cyklista.com.pl\/wp-content\/uploads\/2026\/04\/86dd3e8a-6c6c-478a-81ea-4dbd03668221-768x1365-1-576x1024.jpeg\" alt=\"\" class=\"wp-image-2845\" srcset=\"http:\/\/cyklista.com.pl\/wp-content\/uploads\/2026\/04\/86dd3e8a-6c6c-478a-81ea-4dbd03668221-768x1365-1-576x1024.jpeg 576w, http:\/\/cyklista.com.pl\/wp-content\/uploads\/2026\/04\/86dd3e8a-6c6c-478a-81ea-4dbd03668221-768x1365-1-169x300.jpeg 169w, http:\/\/cyklista.com.pl\/wp-content\/uploads\/2026\/04\/86dd3e8a-6c6c-478a-81ea-4dbd03668221-768x1365-1-340x604.jpeg 340w, http:\/\/cyklista.com.pl\/wp-content\/uploads\/2026\/04\/86dd3e8a-6c6c-478a-81ea-4dbd03668221-768x1365-1-450x800.jpeg 450w, http:\/\/cyklista.com.pl\/wp-content\/uploads\/2026\/04\/86dd3e8a-6c6c-478a-81ea-4dbd03668221-768x1365-1.jpeg 768w\" sizes=\"(max-width: 576px) 100vw, 576px\" \/><\/figure>\n\n\n\n<figure class=\"wp-block-image size-large\"><img decoding=\"async\" width=\"1024\" height=\"576\" src=\"http:\/\/cyklista.com.pl\/wp-content\/uploads\/2026\/04\/36e35ee5-df84-469d-949a-e2c9088c089a-1536x864-1-1024x576.jpeg\" alt=\"\" class=\"wp-image-2846\" srcset=\"http:\/\/cyklista.com.pl\/wp-content\/uploads\/2026\/04\/36e35ee5-df84-469d-949a-e2c9088c089a-1536x864-1-1024x576.jpeg 1024w, http:\/\/cyklista.com.pl\/wp-content\/uploads\/2026\/04\/36e35ee5-df84-469d-949a-e2c9088c089a-1536x864-1-300x169.jpeg 300w, http:\/\/cyklista.com.pl\/wp-content\/uploads\/2026\/04\/36e35ee5-df84-469d-949a-e2c9088c089a-1536x864-1-768x432.jpeg 768w, http:\/\/cyklista.com.pl\/wp-content\/uploads\/2026\/04\/36e35ee5-df84-469d-949a-e2c9088c089a-1536x864-1-340x191.jpeg 340w, http:\/\/cyklista.com.pl\/wp-content\/uploads\/2026\/04\/36e35ee5-df84-469d-949a-e2c9088c089a-1536x864-1-450x253.jpeg 450w, http:\/\/cyklista.com.pl\/wp-content\/uploads\/2026\/04\/36e35ee5-df84-469d-949a-e2c9088c089a-1536x864-1.jpeg 1536w\" sizes=\"(max-width: 1024px) 100vw, 1024px\" \/><\/figure>\n\n\n\n<figure class=\"wp-block-image size-large\"><img loading=\"lazy\" decoding=\"async\" width=\"1024\" height=\"576\" src=\"http:\/\/cyklista.com.pl\/wp-content\/uploads\/2026\/04\/4c4ea02b-5e6e-4b0c-8e89-8ecd72ddc8d1-1536x864-1-1024x576.jpeg\" alt=\"\" class=\"wp-image-2847\" srcset=\"http:\/\/cyklista.com.pl\/wp-content\/uploads\/2026\/04\/4c4ea02b-5e6e-4b0c-8e89-8ecd72ddc8d1-1536x864-1-1024x576.jpeg 1024w, http:\/\/cyklista.com.pl\/wp-content\/uploads\/2026\/04\/4c4ea02b-5e6e-4b0c-8e89-8ecd72ddc8d1-1536x864-1-300x169.jpeg 300w, http:\/\/cyklista.com.pl\/wp-content\/uploads\/2026\/04\/4c4ea02b-5e6e-4b0c-8e89-8ecd72ddc8d1-1536x864-1-768x432.jpeg 768w, http:\/\/cyklista.com.pl\/wp-content\/uploads\/2026\/04\/4c4ea02b-5e6e-4b0c-8e89-8ecd72ddc8d1-1536x864-1-340x191.jpeg 340w, http:\/\/cyklista.com.pl\/wp-content\/uploads\/2026\/04\/4c4ea02b-5e6e-4b0c-8e89-8ecd72ddc8d1-1536x864-1-450x253.jpeg 450w, http:\/\/cyklista.com.pl\/wp-content\/uploads\/2026\/04\/4c4ea02b-5e6e-4b0c-8e89-8ecd72ddc8d1-1536x864-1.jpeg 1536w\" sizes=\"(max-width: 1024px) 100vw, 1024px\" \/><\/figure>\n","protected":false},"excerpt":{"rendered":"<p>W sobot\u0119, 12 kwietnia 2025 r., odby\u0142 si\u0119 nasz coroczny&nbsp;Rajd Wielkanocny, w kt\u00f3rym wzi\u0119\u0142o udzia\u0142 a\u017c&nbsp;38 cz\u0142onk\u00f3w Stowarzyszenia! Startowali\u015bmy i ko\u0144czyli\u015bmy przy&nbsp;Domu Kultury w Przeciszowie, a trasa rajdu wiod\u0142a przez:\ud83d\udccd Przecisz\u00f3w \u2013 Piotrowice \u2013 \u0141owiczki \u2013 Zator \u2013 Podolsze \u2013 Przyr\u0119b \u2013 Przecisz\u00f3w. Rajd poprowadzi\u0142 nasz niezawodny prezes \u2013&nbsp;kolega Marian. Pogoda dopisa\u0142a \u2013 s\u0142o\u0144ce, dobra [&hellip;]<\/p>\n","protected":false},"author":1,"featured_media":2842,"comment_status":"closed","ping_status":"closed","sticky":false,"template":"","format":"standard","meta":{"footnotes":""},"categories":[51],"tags":[],"class_list":["post-2841","post","type-post","status-publish","format-standard","has-post-thumbnail","hentry","category-aktualnosci"],"_links":{"self":[{"href":"http:\/\/cyklista.com.pl\/index.php\/wp-json\/wp\/v2\/posts\/2841","targetHints":{"allow":["GET"]}}],"collection":[{"href":"http:\/\/cyklista.com.pl\/index.php\/wp-json\/wp\/v2\/posts"}],"about":[{"href":"http:\/\/cyklista.com.pl\/index.php\/wp-json\/wp\/v2\/types\/post"}],"author":[{"embeddable":true,"href":"http:\/\/cyklista.com.pl\/index.php\/wp-json\/wp\/v2\/users\/1"}],"replies":[{"embeddable":true,"href":"http:\/\/cyklista.com.pl\/index.php\/wp-json\/wp\/v2\/comments?post=2841"}],"version-history":[{"count":1,"href":"http:\/\/cyklista.com.pl\/index.php\/wp-json\/wp\/v2\/posts\/2841\/revisions"}],"predecessor-version":[{"id":2848,"href":"http:\/\/cyklista.com.pl\/index.php\/wp-json\/wp\/v2\/posts\/2841\/revisions\/2848"}],"wp:featuredmedia":[{"embeddable":true,"href":"http:\/\/cyklista.com.pl\/index.php\/wp-json\/wp\/v2\/media\/2842"}],"wp:attachment":[{"href":"http:\/\/cyklista.com.pl\/index.php\/wp-json\/wp\/v2\/media?parent=2841"}],"wp:term":[{"taxonomy":"category","embeddable":true,"href":"http:\/\/cyklista.com.pl\/index.php\/wp-json\/wp\/v2\/categories?post=2841"},{"taxonomy":"post_tag","embeddable":true,"href":"http:\/\/cyklista.com.pl\/index.php\/wp-json\/wp\/v2\/tags?post=2841"}],"curies":[{"name":"wp","href":"https:\/\/api.w.org\/{rel}","templated":true}]}}