{"id":2853,"date":"2025-03-25T18:06:43","date_gmt":"2025-03-25T17:06:43","guid":{"rendered":"http:\/\/cyklista.com.pl\/?p=2853"},"modified":"2026-04-06T18:07:27","modified_gmt":"2026-04-06T16:07:27","slug":"co-slychac-u-cyklistow","status":"publish","type":"post","link":"http:\/\/cyklista.com.pl\/index.php\/2025\/03\/25\/co-slychac-u-cyklistow\/","title":{"rendered":"Co s\u0142ycha\u0107 u Cyklist\u00f3w"},"content":{"rendered":"\n<p class=\"wp-block-paragraph\"><strong>Co s\u0142ycha\u0107 u Cyklist\u00f3w w 2025 roku?<\/strong><\/p>\n\n\n\n<p class=\"wp-block-paragraph\">Od lat cykli\u015bci spotykaj\u0105 si\u0119 regularnie na czwartkowych zebraniach, by wsp\u00f3lnie wspomina\u0107 rowerowe wydarzenia minionego roku, a tak\u017ce omawia\u0107 plany na nadchodz\u0105ce miesi\u0105ce. Spotkania te sta\u0142y si\u0119 nie tylko tradycj\u0105, ale tak\u017ce przestrzeni\u0105 do wymiany do\u015bwiadcze\u0144, budowania nowych projekt\u00f3w oraz integracji. 2025 rok nie jest wyj\u0105tkiem \u2013 ju\u017c teraz mamy za sob\u0105 pierwsze wydarzenia i spotkania, kt\u00f3re zapowiadaj\u0105 si\u0119 ekscytuj\u0105co!<\/p>\n\n\n\n<p class=\"wp-block-paragraph\"><strong>Spotkania cyklist\u00f3w \u2013 wspomnienia i plany<\/strong><\/p>\n\n\n\n<p class=\"wp-block-paragraph\">Czwartkowe zebrania sta\u0142y si\u0119 wyj\u0105tkowym momentem w kalendarzu ka\u017cdego rowerzysty. Podczas tych spotka\u0144 nie tylko omawiamy wydarzenia z poprzednich miesi\u0119cy, ale tak\u017ce opracowujemy szczeg\u00f3\u0142owe plany na rok 2025. To czas, by podsumowa\u0107 sukcesy, ale tak\u017ce wyci\u0105gn\u0105\u0107 wnioski i poprawi\u0107 to, co mo\u017cna usprawni\u0107. Jednym z wa\u017cniejszych element\u00f3w naszych spotka\u0144 s\u0105 \u0107wiczenia fizyczne, kt\u00f3re pomagaj\u0105 w poprawie sprawno\u015bci, szczeg\u00f3lnie w zakresie kr\u0119gos\u0142upa i staw\u00f3w \u2013 elementy niezb\u0119dne do komfortowej jazdy na rowerze.<\/p>\n\n\n\n<p class=\"wp-block-paragraph\"><strong>14 luty 2025 \u2013 sobota \u2013 Kulig w Beskidach<\/strong><\/p>\n\n\n\n<p class=\"wp-block-paragraph\">Pierwszym wi\u0119kszym wydarzeniem, kt\u00f3re mia\u0142o miejsce w 2025 roku, by\u0142 kulig, kt\u00f3ry odby\u0142 si\u0119 w wyj\u0105tkowy dzie\u0144 \u2013 14 lutego, w Walentynki! Cho\u0107 tradycyjnie kojarzymy ten dzie\u0144 z romantycznymi uniesieniami, my, cykli\u015bci, mamy swoje w\u0142asne \u201ezakochanie\u201d \u2013 rowery! Kulig, organizowany przez nas w Targanicach, by\u0142 nie tylko \u015bwietn\u0105 zabaw\u0105, ale tak\u017ce okazj\u0105 do wsp\u00f3lnego sp\u0119dzenia czasu w g\u00f3ralskim klimacie.<\/p>\n\n\n\n<p class=\"wp-block-paragraph\">Kulig rozpocz\u0105\u0142 si\u0119 o godzinie 18:00 w Targanicach, sk\u0105d wyruszyli\u015bmy w malownicz\u0105 podr\u00f3\u017c wozami z zadaszeniem. G\u00f3ralskie wozy, pi\u0119knie o\u015bwietlone, sprawi\u0142y, \u017ce podr\u00f3\u017c przez le\u015bne drogi Podbeskidzia sta\u0142a si\u0119 niezapomnianym prze\u017cyciem. W ka\u017cdym z woz\u00f3w czeka\u0142a na nas nalewka g\u00f3ralska, co dodatkowo podkre\u015bli\u0142o atmosfer\u0119 tej wyj\u0105tkowej chwili. Po oko\u0142o 1,5 godziny dotarli\u015bmy do chaty g\u00f3ralskiej, gdzie czeka\u0142a na nas uczta \u2013 \u201e\u015bwi\u0144ski udziec\u201d na gor\u0105co, swojski smalec, og\u00f3rki kiszone i pyszne ciasta. Do tego kawa, herbata i g\u00f3ralskie nalewki. Wiecz\u00f3r zako\u0144czy\u0142 si\u0119 ta\u0144cami przy g\u00f3ralskich melodiach, a ca\u0142o\u015b\u0107 kuligu zako\u0144czyli\u015bmy oko\u0142o p\u00f3\u0142nocy, pe\u0142ni niezapomnianych wspomnie\u0144.<\/p>\n\n\n\n<p class=\"wp-block-paragraph\"><strong>6 marca 2025 \u2013 Spotkanie czwartkowe<\/strong><\/p>\n\n\n\n<p class=\"wp-block-paragraph\">Na czwartkowym spotkaniu, kt\u00f3re odby\u0142o si\u0119 6 marca, zarz\u0105d naszego stowarzyszenia przygotowa\u0142 niespodziank\u0119 dla naszych cyklistek z okazji zbli\u017caj\u0105cego si\u0119 Dnia Kobiet. Wszyscy uczestnicy spotkania zostali pocz\u0119stowani kaw\u0105 i ciastkiem, a prezes, Marian Kocemba, zaprezentowa\u0142 plan pracy stowarzyszenia na 2025 rok. Plan ten, po drobnych poprawkach, zosta\u0142 zatwierdzony przez wszystkich cz\u0142onk\u00f3w. Ca\u0142o\u015b\u0107 planu jest ju\u017c dost\u0119pna na naszej stronie internetowej&nbsp;<a href=\"http:\/\/www.cyklista.com.pl\/\">www.cyklista.com.pl<\/a>.<\/p>\n\n\n\n<p class=\"wp-block-paragraph\">Na spotkaniu om\u00f3wiono r\u00f3wnie\u017c nadchodz\u0105ce wydarzenia, kt\u00f3re wkr\u00f3tce zape\u0142ni\u0105 nasze kalendarze. Wsp\u00f3lne dyskusje, burze m\u00f3zg\u00f3w i wymiana pomys\u0142\u00f3w to klucz do organizacji wyj\u0105tkowych event\u00f3w, kt\u00f3re z pewno\u015bci\u0105 przyci\u0105gn\u0105 wielu mi\u0142o\u015bnik\u00f3w rower\u00f3w.<\/p>\n\n\n\n<p class=\"wp-block-paragraph\"><strong>Co przed nami?<\/strong><\/p>\n\n\n\n<p class=\"wp-block-paragraph\">Rok 2025 zapowiada si\u0119 obiecuj\u0105co, a dla naszych cz\u0142onk\u00f3w nie zabraknie atrakcji \u2013 od kolejnych spotka\u0144, przez wyjazdy rowerowe, a\u017c po wsp\u00f3lne akcje, kt\u00f3re pozwol\u0105 nie tylko poprawi\u0107 form\u0119 fizyczn\u0105, ale tak\u017ce w pe\u0142ni cieszy\u0107 si\u0119 pasj\u0105 do dw\u00f3ch k\u00f3\u0142ek. Ju\u017c teraz zach\u0119camy do \u015bledzenia naszej strony internetowej, gdzie na bie\u017c\u0105co pojawi\u0105 si\u0119 informacje o planowanych wydarzeniach oraz relacje z tych, kt\u00f3re ju\u017c za nami. Szczeg\u00f3\u0142owy harmonogram wyjazd\u00f3w jest za\u0142\u0105czony wcze\u015bniej. B\u0105d\u017amy razem w tej rowerowej podr\u00f3\u017cy przez 2025 rok!<\/p>\n","protected":false},"excerpt":{"rendered":"<p>Co s\u0142ycha\u0107 u Cyklist\u00f3w w 2025 roku? Od lat cykli\u015bci spotykaj\u0105 si\u0119 regularnie na czwartkowych zebraniach, by wsp\u00f3lnie wspomina\u0107 rowerowe wydarzenia minionego roku, a tak\u017ce omawia\u0107 plany na nadchodz\u0105ce miesi\u0105ce. Spotkania te sta\u0142y si\u0119 nie tylko tradycj\u0105, ale tak\u017ce przestrzeni\u0105 do wymiany do\u015bwiadcze\u0144, budowania nowych projekt\u00f3w oraz integracji. 2025 rok nie jest wyj\u0105tkiem \u2013 ju\u017c [&hellip;]<\/p>\n","protected":false},"author":1,"featured_media":2778,"comment_status":"closed","ping_status":"closed","sticky":false,"template":"","format":"standard","meta":{"footnotes":""},"categories":[51],"tags":[],"class_list":["post-2853","post","type-post","status-publish","format-standard","has-post-thumbnail","hentry","category-aktualnosci"],"_links":{"self":[{"href":"http:\/\/cyklista.com.pl\/index.php\/wp-json\/wp\/v2\/posts\/2853","targetHints":{"allow":["GET"]}}],"collection":[{"href":"http:\/\/cyklista.com.pl\/index.php\/wp-json\/wp\/v2\/posts"}],"about":[{"href":"http:\/\/cyklista.com.pl\/index.php\/wp-json\/wp\/v2\/types\/post"}],"author":[{"embeddable":true,"href":"http:\/\/cyklista.com.pl\/index.php\/wp-json\/wp\/v2\/users\/1"}],"replies":[{"embeddable":true,"href":"http:\/\/cyklista.com.pl\/index.php\/wp-json\/wp\/v2\/comments?post=2853"}],"version-history":[{"count":1,"href":"http:\/\/cyklista.com.pl\/index.php\/wp-json\/wp\/v2\/posts\/2853\/revisions"}],"predecessor-version":[{"id":2854,"href":"http:\/\/cyklista.com.pl\/index.php\/wp-json\/wp\/v2\/posts\/2853\/revisions\/2854"}],"wp:featuredmedia":[{"embeddable":true,"href":"http:\/\/cyklista.com.pl\/index.php\/wp-json\/wp\/v2\/media\/2778"}],"wp:attachment":[{"href":"http:\/\/cyklista.com.pl\/index.php\/wp-json\/wp\/v2\/media?parent=2853"}],"wp:term":[{"taxonomy":"category","embeddable":true,"href":"http:\/\/cyklista.com.pl\/index.php\/wp-json\/wp\/v2\/categories?post=2853"},{"taxonomy":"post_tag","embeddable":true,"href":"http:\/\/cyklista.com.pl\/index.php\/wp-json\/wp\/v2\/tags?post=2853"}],"curies":[{"name":"wp","href":"https:\/\/api.w.org\/{rel}","templated":true}]}}