{"id":2855,"date":"2025-03-12T18:07:52","date_gmt":"2025-03-12T17:07:52","guid":{"rendered":"http:\/\/cyklista.com.pl\/?p=2855"},"modified":"2026-04-06T18:08:42","modified_gmt":"2026-04-06T16:08:42","slug":"harmonogram-2025","status":"publish","type":"post","link":"http:\/\/cyklista.com.pl\/index.php\/2025\/03\/12\/harmonogram-2025\/","title":{"rendered":"Harmonogram 2025"},"content":{"rendered":"\n<p class=\"wp-block-paragraph\"><strong>Harmonogram TTR Cyklista<\/strong><\/p>\n\n\n\n<p class=\"wp-block-paragraph\"><strong>Kilkudniowe wyjazdy:<\/strong><\/p>\n\n\n\n<ol class=\"wp-block-list\">\n<li>Kaszuby oraz wybrze\u017ce Morza Ba\u0142tyckiego od\u00a0<strong>7 czerwca<\/strong>\u00a0\u2013 wyjazd w nocy z 6\/7 czerwca2025 powr\u00f3t\u00a0<strong>15 czerwca<\/strong>\u00a0w godzinach p\u00f3\u017ano-wieczornych. (Borsk-3 noclegi, o\u015brodek Osada nad Wd\u0105, Chmielno-1 nocleg, pensjonat \u201eKrystian\u201d, W\u0142adys\u0142awowo-2 noclegi o\u015brodek \u201eMatros\u201d, \u0141eba- 2 noclegi, o\u015brodek \u201eU Kr\u00f3la Zygmunta\u201d)<\/li>\n\n\n\n<li>Weekend majowy w terminie\u00a0<strong>01-04 maj 2025<\/strong>, noclegi wraz z posi\u0142kami w Hotelu Kuban w Gocza\u0142kowicach Zdroju. Wyjazd i powr\u00f3t na rowerach.<\/li>\n\n\n\n<li>Pielgrzymka rowerowa do Cz\u0119stochowy w\u00a0<strong>dniach 10 do 13 lipiec 2025<\/strong>. Wyjazd 10 lipca czwartek rowerami z Przeciszowa ok. godz.9,00, powr\u00f3t 13 lipca niedziela, autokarem w godzinach popo\u0142udniowych. Zaplanowano 3 noclegi, w Olkuszu Schronisko M\u0142odzie\u017cowe, w Poraju O\u015brodek Le\u015bna Rado\u015b\u0107, w Cz\u0119stochowie o\u015brodek u si\u00f3str franciszkanek Rodziny Maryi.<\/li>\n\n\n\n<li>Rajd Roztocze w dniach\u00a0<strong>22 do 27 sierpie\u0144 2025<\/strong>. Noclegi i baza w jednym miejscu w Pensjonacie \u201eU Anny\u201d w Krasnobrodzie. Zaplanowano nast\u0119puj\u0105ce atrakcje, niezapomniane szumy nad Tanwi\u0105, rozpoczynaj\u0105ce si\u0119 w miejscowo\u015bci Susiec, odwiedzimy J\u00f3zef\u00f3w, Rowerow\u0105 Stolic\u0119 Roztocza, Zwierzyniec, bram\u0119 Roztocza\u0144skiego Parku Narodowego oraz konika polskiego, kt\u00f3ry jest symbolem tego parku. Zwiedzimy przepi\u0119kne miasto Zamo\u015b\u0107, wpisane na list\u0119 \u015awiatowego Dziedzictwa UNESCO, a tak\u017ce Be\u0142\u017cec, zapomniane miejsce ka\u017ani 450 tysi\u0119cy \u017cyd\u00f3w z Polski, Niemiec, Austrii, Czech i S\u0142owacji.<\/li>\n\n\n\n<li>Osieckie Towarzystwo Bryd\u017cowe w dniach\u00a0<strong>30.08. do 06.09.2025<\/strong>, organizuje coroczny wyjazd, tym razem do Lubniewic w wojew\u00f3dztwie Lubuskim,\u00a0 kt\u00f3re jest jednym z najmniejszych miast Polski z liczb\u0105 2 tysi\u0119cy mieszka\u0144c\u00f3w. Wyjazd busem z przyczepk\u0105 i rowerami. B\u0119dziemy zwiedza\u0107 Park Mi\u0142o\u015bci im. Michaliny Wis\u0142ockiej, \u201estary zamek\u201d, zabytkowy pa\u0142ac z XVIII wieku, (1793r) oraz nowy zamek z XX wieku. (1909r) Baza z noclegami w Pensjonacie \u201eRaj nad jeziorem\u201d.<\/li>\n<\/ol>\n\n\n\n<p class=\"wp-block-paragraph\"><strong>Wyjazdy cykliczne, powtarzane co roku<\/strong>.<\/p>\n\n\n\n<ol class=\"wp-block-list\">\n<li><strong>14.02.2025r,<\/strong>\u00a0Walentynkowy kulig w Targanicach, g\u00f3rskiej miejscowo\u015bci u podn\u00f3\u017ca Beskidu Ma\u0142ego. Kulig zako\u0144czymy biesiadn\u0105 uczt\u0105 z muzyk\u0105 i ta\u0144cami do p\u00f3\u0142nocy.<\/li>\n\n\n\n<li><strong>12.04.2025r<\/strong>, Rajd Wielkanocny z jajkiem, \u017curkiem oraz babk\u0105 wielkanocn\u0105. Rajd b\u0119dzie oficjalnym rozpocz\u0119ciem sezonu rowerowego.<\/li>\n\n\n\n<li><strong>27.04.2025r<\/strong>, XVI sprz\u0105tanie rzeki Skawy organizowane przez firm\u0119 \u201eKajaki na Skawie\u201d Miros\u0142awa T\u0142omak. Sprz\u0105tanie rzeki b\u0119dzie polega\u0142o na sp\u0142ywie kajakowym po\u0142\u0105czonym ze zbieraniem \u015bmieci na odcinku od Wadowic do Grodziska. Dojazd do Wadowic i powr\u00f3t rowerami.<\/li>\n\n\n\n<li><strong>08.06.2025r<\/strong>, IV Wiosenny Rajd Rowerowy po dolinie karpia organizowany przez PTTK Wadowice z zako\u0144czeniem w Witanowicach.<\/li>\n\n\n\n<li><strong>21.06.2025r<\/strong>, Piknik Rowerowy Gminy Przecisz\u00f3w organizowany cyklicznie w ramach \u015awi\u0119ta Gminy. Szczeg\u00f3\u0142y pikniku zostan\u0105 przedstawione na plakatach w po\u0142owie czerwca br.<\/li>\n\n\n\n<li><strong>27.06.2025r<\/strong>, XVIII Rodzinny Rajd Rowerowy w Osieku, po\u0142\u0105czony ze \u015awi\u0119tem Gminy Osiek. Szczeg\u00f3\u0142y na plakatach przed rajdem.<\/li>\n\n\n\n<li><strong>13.07.2025r<\/strong>, XV Rowerowy Rajd Grunwaldzki, organizowany przez PTTK Wadowice oraz Izb\u0119 Regionalna w Osieku. W tym roku na trasie Pomnik Grunwaldzki w Osieku.<\/li>\n\n\n\n<li><strong>17.08.2025r<\/strong>, XV Rowerowy Rajd po Dolinie Karpia. Organizatorem jest Klub Turystyki Rowerowej \u201eAndrower\u201d w Andrychowie z zako\u0144czeniem u Franka Dzia\u0142owego w Lipowej.<\/li>\n\n\n\n<li><strong>12.09.2025r,\u00a0<\/strong>Rajd ku pami\u0119ci lotnik\u00f3w \u201eHells Angel\u201d w Zygodowicach, pomnik.<\/li>\n\n\n\n<li><strong>04.10.2025r,<\/strong>\u00a0VI Rajd Rowerowy Wok\u00f3\u0142 Jeziora Mucharskiego organizowany przez PTTK Wadowice. Trasa trudna ze wzgl\u0119du na du\u017ce przewy\u017cszenia terenu. Zako\u0144czenie w Jaroszowicach Zbywacz\u00f3wce.<\/li>\n\n\n\n<li><strong>03 do 06.10.2025r<\/strong>, Rajd Rowerowy na Pustyni\u0119 B\u0142\u0119dowsk\u0105, na najwi\u0119kszy w Polsce obszar lotnych piask\u00f3w, le\u017c\u0105cy na pograniczu Wy\u017cyny \u015al\u0105skiej i Wy\u017cyny Olkuskiej. Noclegi w bazie Biwakowo Campingowo Rekreacyjnej \u201eEurocamping\u201d w B\u0142\u0119dowie.<\/li>\n\n\n\n<li>Koniec\u00a0<strong>pa\u017adziernika 2025r,<\/strong>\u00a0odwiedziny grob\u00f3w zmar\u0142ych cyklist\u00f3w na cmentarzach w Przeciszowie, O\u015bwi\u0119cimiu, Jawiszowicach.<\/li>\n\n\n\n<li><strong>11.011.2025r,<\/strong>\u00a0Rajd Niepodleg\u0142o\u015bci. Odwiedzamy miejsca pami\u0119ci ofiar I i II wojny \u015bwiatowej w Przeciszowie, Piotrowicach, Zatorze. Rajd zako\u0144czony wsp\u00f3lnym pocz\u0119stunkiem i \u015bpiewaniem pie\u015bni patriotycznych.<\/li>\n<\/ol>\n\n\n\n<p class=\"wp-block-paragraph\"><strong>Inne wyjazdy.<\/strong><\/p>\n\n\n\n<p class=\"wp-block-paragraph\">W zale\u017cno\u015bci od pogody b\u0119d\u0105 organizowane niedzielne wyjazdy na przemian z Przeciszowa i Osieka do Cieszyna, Krakowa, Pszczyny, Zalew \u0141ysina, Andrych\u00f3w, Zag\u00f3rnik, Por\u0105bka, Kozubnik, i inne oraz po ca\u0142ej Dolinie Karpia.<\/p>\n\n\n\n<p class=\"wp-block-paragraph\"><strong>Pozosta\u0142e imprezy.<\/strong><\/p>\n\n\n\n<ol class=\"wp-block-list\">\n<li><strong>Pa\u017adziernik 2025r<\/strong>, zako\u0144czenie sezonu rowerowego. Przedstawienie w formie prezentacji wszystkich wyjazd\u00f3w w 2025r, podsumowanie ca\u0142ego sezonu rowerowego. Wr\u0119czenie nagr\u00f3d dla najaktywniejszych cyklist\u00f3w po\u0142\u0105czone z zabaw\u0105 przy muzyce. Na spotkanie zapraszane s\u0105 zaprzyja\u017anione organizacje oraz w\u0142adze gmin Przecisz\u00f3w i Osiek.<\/li>\n\n\n\n<li><strong>Marzec\/kwiecie\u0144<\/strong>\u00a0Walne Zgromadzenie Cz\u0142onk\u00f3w na zebraniu sprawozdawczo wyborczym. Przedstawienie sprawozdania merytorycznego i finansowego zarz\u0105du oraz sprawozdanie komisji rewizyjnej oraz przeprowadzenie wybor\u00f3w do zarz\u0105du i komisji rewizyjnej.<\/li>\n\n\n\n<li><strong>Czwartkowe spotkania<\/strong>\u00a0w Domu Kultury w Przeciszowie od wielu ju\u017c lat zawsze o godz. 17,00, na kt\u00f3rych omawiane s\u0105 bie\u017c\u0105ce sprawy, planowane wyjazdy, wizyty ciekawych zaproszonych go\u015bci. Cz\u0119sto uczestnictwo w otwarciu r\u00f3\u017cnych galerii malarskich, kt\u00f3re tradycyjnie odbywaj\u0105 si\u0119 r\u00f3wnie\u017c w czwartki o godz. 18,00.<\/li>\n<\/ol>\n\n\n\n<p class=\"wp-block-paragraph\">Prezes TTR Marian Kocemba.<\/p>\n\n\n\n<p class=\"wp-block-paragraph\"><\/p>\n","protected":false},"excerpt":{"rendered":"<p>Harmonogram TTR Cyklista Kilkudniowe wyjazdy: Wyjazdy cykliczne, powtarzane co roku. Inne wyjazdy. W zale\u017cno\u015bci od pogody b\u0119d\u0105 organizowane niedzielne wyjazdy na przemian z Przeciszowa i Osieka do Cieszyna, Krakowa, Pszczyny, Zalew \u0141ysina, Andrych\u00f3w, Zag\u00f3rnik, Por\u0105bka, Kozubnik, i inne oraz po ca\u0142ej Dolinie Karpia. Pozosta\u0142e imprezy. Prezes TTR Marian Kocemba.<\/p>\n","protected":false},"author":1,"featured_media":2856,"comment_status":"closed","ping_status":"closed","sticky":false,"template":"","format":"standard","meta":{"footnotes":""},"categories":[51],"tags":[],"class_list":["post-2855","post","type-post","status-publish","format-standard","has-post-thumbnail","hentry","category-aktualnosci"],"_links":{"self":[{"href":"http:\/\/cyklista.com.pl\/index.php\/wp-json\/wp\/v2\/posts\/2855","targetHints":{"allow":["GET"]}}],"collection":[{"href":"http:\/\/cyklista.com.pl\/index.php\/wp-json\/wp\/v2\/posts"}],"about":[{"href":"http:\/\/cyklista.com.pl\/index.php\/wp-json\/wp\/v2\/types\/post"}],"author":[{"embeddable":true,"href":"http:\/\/cyklista.com.pl\/index.php\/wp-json\/wp\/v2\/users\/1"}],"replies":[{"embeddable":true,"href":"http:\/\/cyklista.com.pl\/index.php\/wp-json\/wp\/v2\/comments?post=2855"}],"version-history":[{"count":1,"href":"http:\/\/cyklista.com.pl\/index.php\/wp-json\/wp\/v2\/posts\/2855\/revisions"}],"predecessor-version":[{"id":2857,"href":"http:\/\/cyklista.com.pl\/index.php\/wp-json\/wp\/v2\/posts\/2855\/revisions\/2857"}],"wp:featuredmedia":[{"embeddable":true,"href":"http:\/\/cyklista.com.pl\/index.php\/wp-json\/wp\/v2\/media\/2856"}],"wp:attachment":[{"href":"http:\/\/cyklista.com.pl\/index.php\/wp-json\/wp\/v2\/media?parent=2855"}],"wp:term":[{"taxonomy":"category","embeddable":true,"href":"http:\/\/cyklista.com.pl\/index.php\/wp-json\/wp\/v2\/categories?post=2855"},{"taxonomy":"post_tag","embeddable":true,"href":"http:\/\/cyklista.com.pl\/index.php\/wp-json\/wp\/v2\/tags?post=2855"}],"curies":[{"name":"wp","href":"https:\/\/api.w.org\/{rel}","templated":true}]}}