{"id":2858,"date":"2025-03-10T18:09:30","date_gmt":"2025-03-10T17:09:30","guid":{"rendered":"http:\/\/cyklista.com.pl\/?p=2858"},"modified":"2026-04-06T18:11:00","modified_gmt":"2026-04-06T16:11:00","slug":"czwartkowe-spotkania","status":"publish","type":"post","link":"http:\/\/cyklista.com.pl\/index.php\/2025\/03\/10\/czwartkowe-spotkania\/","title":{"rendered":"CZWARTKOWE SPOTKANIA"},"content":{"rendered":"\n<p class=\"wp-block-paragraph\">W dniu 6 marca 2025r o godz. 17,00 w ramach cotygodniowych czwartkowych spotka\u0144 odby\u0142a si\u0119 uroczysto\u015b\u0107, na kt\u00f3rej zarz\u0105d TTR Cyklista z\u0142o\u017cy\u0142 \u017cyczenia wszystkim obecnym Paniom z okazji zbli\u017caj\u0105cego si\u0119 \u015awi\u0119ta Kobiet, wr\u0119czaj\u0105c ka\u017cdej pi\u0119kne r\u00f3\u017ce. Zosta\u0142y r\u00f3wnie\u017c z\u0142o\u017cone \u017cyczenia naszemu koledze Kazimierzowi z okazji jego imienin. Nast\u0119pnie Prezes, kolega Marian przedstawi\u0142 wszystkim obecnym harmonogram pracy stowarzyszenia, kt\u00f3ry znajduje si\u0119 na naszej stronie internetowej. Omawiaj\u0105c nasze wsp\u00f3lne wyjazdy rowerowe opisa\u0142 szczeg\u00f3lnie 9-cio dniowy Rajd Kaszuby, kt\u00f3ry odb\u0119dzie si\u0119 w dniach 7 \u2013 15 czerwca 2025 oraz 4-ro dniowy Rajd Gocza\u0142kowice, kt\u00f3ry odb\u0119dzie si\u0119 w majowy weekend od 1 \u2013 4 maja 2025. W trakcie zebrania zaproponowano zorganizowanie wiosn\u0105 br. warsztat\u00f3w rowerowych maj\u0105cych na celu zapoznanie uczestnik\u00f3w z prawid\u0142ow\u0105 konserwacj\u0105 rower\u00f3w jak tez z drobnymi jego naprawami oraz pogadank\u0119 na temat bezpiecze\u0144stwa\u00a0 w ruchu drogowym w szczeg\u00f3lno\u015bci ruchu rower\u00f3w z udzia\u0142em policjanta ruchu drogowego.<\/p>\n\n\n\n<figure class=\"wp-block-image size-large\"><img fetchpriority=\"high\" decoding=\"async\" width=\"1024\" height=\"576\" src=\"http:\/\/cyklista.com.pl\/wp-content\/uploads\/2026\/04\/WhatsApp-Image-2025-03-07-at-14.53.04-1536x864-1-1024x576.jpeg\" alt=\"\" class=\"wp-image-2860\" srcset=\"http:\/\/cyklista.com.pl\/wp-content\/uploads\/2026\/04\/WhatsApp-Image-2025-03-07-at-14.53.04-1536x864-1-1024x576.jpeg 1024w, http:\/\/cyklista.com.pl\/wp-content\/uploads\/2026\/04\/WhatsApp-Image-2025-03-07-at-14.53.04-1536x864-1-300x169.jpeg 300w, http:\/\/cyklista.com.pl\/wp-content\/uploads\/2026\/04\/WhatsApp-Image-2025-03-07-at-14.53.04-1536x864-1-768x432.jpeg 768w, http:\/\/cyklista.com.pl\/wp-content\/uploads\/2026\/04\/WhatsApp-Image-2025-03-07-at-14.53.04-1536x864-1-340x191.jpeg 340w, http:\/\/cyklista.com.pl\/wp-content\/uploads\/2026\/04\/WhatsApp-Image-2025-03-07-at-14.53.04-1536x864-1-450x253.jpeg 450w, http:\/\/cyklista.com.pl\/wp-content\/uploads\/2026\/04\/WhatsApp-Image-2025-03-07-at-14.53.04-1536x864-1.jpeg 1536w\" sizes=\"(max-width: 1024px) 100vw, 1024px\" \/><\/figure>\n\n\n\n<figure class=\"wp-block-image size-large\"><img decoding=\"async\" width=\"1024\" height=\"576\" src=\"http:\/\/cyklista.com.pl\/wp-content\/uploads\/2026\/04\/a1eb7aed-ad42-4519-bdd9-30e4dfb6b755-1536x864-1-1024x576.jpeg\" alt=\"\" class=\"wp-image-2861\" srcset=\"http:\/\/cyklista.com.pl\/wp-content\/uploads\/2026\/04\/a1eb7aed-ad42-4519-bdd9-30e4dfb6b755-1536x864-1-1024x576.jpeg 1024w, http:\/\/cyklista.com.pl\/wp-content\/uploads\/2026\/04\/a1eb7aed-ad42-4519-bdd9-30e4dfb6b755-1536x864-1-300x169.jpeg 300w, http:\/\/cyklista.com.pl\/wp-content\/uploads\/2026\/04\/a1eb7aed-ad42-4519-bdd9-30e4dfb6b755-1536x864-1-768x432.jpeg 768w, http:\/\/cyklista.com.pl\/wp-content\/uploads\/2026\/04\/a1eb7aed-ad42-4519-bdd9-30e4dfb6b755-1536x864-1-340x191.jpeg 340w, http:\/\/cyklista.com.pl\/wp-content\/uploads\/2026\/04\/a1eb7aed-ad42-4519-bdd9-30e4dfb6b755-1536x864-1-450x253.jpeg 450w, http:\/\/cyklista.com.pl\/wp-content\/uploads\/2026\/04\/a1eb7aed-ad42-4519-bdd9-30e4dfb6b755-1536x864-1.jpeg 1536w\" sizes=\"(max-width: 1024px) 100vw, 1024px\" \/><\/figure>\n\n\n\n<figure class=\"wp-block-image size-large\"><img decoding=\"async\" width=\"576\" height=\"1024\" src=\"http:\/\/cyklista.com.pl\/wp-content\/uploads\/2026\/04\/b30f9bf1-6705-42d9-82f7-6039578783d4-768x1365-1-576x1024.jpeg\" alt=\"\" class=\"wp-image-2862\" srcset=\"http:\/\/cyklista.com.pl\/wp-content\/uploads\/2026\/04\/b30f9bf1-6705-42d9-82f7-6039578783d4-768x1365-1-576x1024.jpeg 576w, http:\/\/cyklista.com.pl\/wp-content\/uploads\/2026\/04\/b30f9bf1-6705-42d9-82f7-6039578783d4-768x1365-1-169x300.jpeg 169w, http:\/\/cyklista.com.pl\/wp-content\/uploads\/2026\/04\/b30f9bf1-6705-42d9-82f7-6039578783d4-768x1365-1-340x604.jpeg 340w, http:\/\/cyklista.com.pl\/wp-content\/uploads\/2026\/04\/b30f9bf1-6705-42d9-82f7-6039578783d4-768x1365-1-450x800.jpeg 450w, http:\/\/cyklista.com.pl\/wp-content\/uploads\/2026\/04\/b30f9bf1-6705-42d9-82f7-6039578783d4-768x1365-1.jpeg 768w\" sizes=\"(max-width: 576px) 100vw, 576px\" \/><\/figure>\n\n\n\n<figure class=\"wp-block-image size-large\"><img loading=\"lazy\" decoding=\"async\" width=\"576\" height=\"1024\" src=\"http:\/\/cyklista.com.pl\/wp-content\/uploads\/2026\/04\/cd5c5a01-d204-4122-9ba1-7cac6e03d178-768x1365-1-576x1024.jpeg\" alt=\"\" class=\"wp-image-2863\" srcset=\"http:\/\/cyklista.com.pl\/wp-content\/uploads\/2026\/04\/cd5c5a01-d204-4122-9ba1-7cac6e03d178-768x1365-1-576x1024.jpeg 576w, http:\/\/cyklista.com.pl\/wp-content\/uploads\/2026\/04\/cd5c5a01-d204-4122-9ba1-7cac6e03d178-768x1365-1-169x300.jpeg 169w, http:\/\/cyklista.com.pl\/wp-content\/uploads\/2026\/04\/cd5c5a01-d204-4122-9ba1-7cac6e03d178-768x1365-1-340x604.jpeg 340w, http:\/\/cyklista.com.pl\/wp-content\/uploads\/2026\/04\/cd5c5a01-d204-4122-9ba1-7cac6e03d178-768x1365-1-450x800.jpeg 450w, http:\/\/cyklista.com.pl\/wp-content\/uploads\/2026\/04\/cd5c5a01-d204-4122-9ba1-7cac6e03d178-768x1365-1.jpeg 768w\" sizes=\"(max-width: 576px) 100vw, 576px\" \/><\/figure>\n\n\n\n<figure class=\"wp-block-image size-large\"><img loading=\"lazy\" decoding=\"async\" width=\"576\" height=\"1024\" src=\"http:\/\/cyklista.com.pl\/wp-content\/uploads\/2026\/04\/de38996f-5a22-43bc-ab88-92b9f3091367-768x1365-1-576x1024.jpeg\" alt=\"\" class=\"wp-image-2864\" srcset=\"http:\/\/cyklista.com.pl\/wp-content\/uploads\/2026\/04\/de38996f-5a22-43bc-ab88-92b9f3091367-768x1365-1-576x1024.jpeg 576w, http:\/\/cyklista.com.pl\/wp-content\/uploads\/2026\/04\/de38996f-5a22-43bc-ab88-92b9f3091367-768x1365-1-169x300.jpeg 169w, http:\/\/cyklista.com.pl\/wp-content\/uploads\/2026\/04\/de38996f-5a22-43bc-ab88-92b9f3091367-768x1365-1-340x604.jpeg 340w, http:\/\/cyklista.com.pl\/wp-content\/uploads\/2026\/04\/de38996f-5a22-43bc-ab88-92b9f3091367-768x1365-1-450x800.jpeg 450w, http:\/\/cyklista.com.pl\/wp-content\/uploads\/2026\/04\/de38996f-5a22-43bc-ab88-92b9f3091367-768x1365-1.jpeg 768w\" sizes=\"(max-width: 576px) 100vw, 576px\" \/><\/figure>\n","protected":false},"excerpt":{"rendered":"<p>W dniu 6 marca 2025r o godz. 17,00 w ramach cotygodniowych czwartkowych spotka\u0144 odby\u0142a si\u0119 uroczysto\u015b\u0107, na kt\u00f3rej zarz\u0105d TTR Cyklista z\u0142o\u017cy\u0142 \u017cyczenia wszystkim obecnym Paniom z okazji zbli\u017caj\u0105cego si\u0119 \u015awi\u0119ta Kobiet, wr\u0119czaj\u0105c ka\u017cdej pi\u0119kne r\u00f3\u017ce. Zosta\u0142y r\u00f3wnie\u017c z\u0142o\u017cone \u017cyczenia naszemu koledze Kazimierzowi z okazji jego imienin. Nast\u0119pnie Prezes, kolega Marian przedstawi\u0142 wszystkim obecnym harmonogram [&hellip;]<\/p>\n","protected":false},"author":1,"featured_media":2859,"comment_status":"closed","ping_status":"closed","sticky":false,"template":"","format":"standard","meta":{"footnotes":""},"categories":[51],"tags":[],"class_list":["post-2858","post","type-post","status-publish","format-standard","has-post-thumbnail","hentry","category-aktualnosci"],"_links":{"self":[{"href":"http:\/\/cyklista.com.pl\/index.php\/wp-json\/wp\/v2\/posts\/2858","targetHints":{"allow":["GET"]}}],"collection":[{"href":"http:\/\/cyklista.com.pl\/index.php\/wp-json\/wp\/v2\/posts"}],"about":[{"href":"http:\/\/cyklista.com.pl\/index.php\/wp-json\/wp\/v2\/types\/post"}],"author":[{"embeddable":true,"href":"http:\/\/cyklista.com.pl\/index.php\/wp-json\/wp\/v2\/users\/1"}],"replies":[{"embeddable":true,"href":"http:\/\/cyklista.com.pl\/index.php\/wp-json\/wp\/v2\/comments?post=2858"}],"version-history":[{"count":1,"href":"http:\/\/cyklista.com.pl\/index.php\/wp-json\/wp\/v2\/posts\/2858\/revisions"}],"predecessor-version":[{"id":2865,"href":"http:\/\/cyklista.com.pl\/index.php\/wp-json\/wp\/v2\/posts\/2858\/revisions\/2865"}],"wp:featuredmedia":[{"embeddable":true,"href":"http:\/\/cyklista.com.pl\/index.php\/wp-json\/wp\/v2\/media\/2859"}],"wp:attachment":[{"href":"http:\/\/cyklista.com.pl\/index.php\/wp-json\/wp\/v2\/media?parent=2858"}],"wp:term":[{"taxonomy":"category","embeddable":true,"href":"http:\/\/cyklista.com.pl\/index.php\/wp-json\/wp\/v2\/categories?post=2858"},{"taxonomy":"post_tag","embeddable":true,"href":"http:\/\/cyklista.com.pl\/index.php\/wp-json\/wp\/v2\/tags?post=2858"}],"curies":[{"name":"wp","href":"https:\/\/api.w.org\/{rel}","templated":true}]}}