{"id":2868,"date":"2025-02-19T18:12:41","date_gmt":"2025-02-19T17:12:41","guid":{"rendered":"http:\/\/cyklista.com.pl\/?p=2868"},"modified":"2026-04-06T18:14:09","modified_gmt":"2026-04-06T16:14:09","slug":"walentynkowy-kulig","status":"publish","type":"post","link":"http:\/\/cyklista.com.pl\/index.php\/2025\/02\/19\/walentynkowy-kulig\/","title":{"rendered":"Walentynkowy Kulig"},"content":{"rendered":"\n<p class=\"wp-block-paragraph\">W Walentynkowy wiecz\u00f3r 28 cyklist\u00f3w z TTR Cyklista zorganizowa\u0142o kulig w miejscowo\u015bci Targanice, kilka kilometr\u00f3w\u00a0 za Andrychowem. O godz. 18,00 wyjechali\u015bmy dwoma wozami przystosowanymi do przewozu os\u00f3b, a po przejechaniu ok. 2 km drogami publicznymi wjechali\u015bmy w kierunku po\u0142udniowym w drogi\u00a0 polne, le\u015bne i ma\u0142o ucz\u0119szczane drogi lokalne. Po oko\u0142o 45 minutach podczas 15 minutowej przerwy robili\u015bmy zdj\u0119cia, spacerowali po lesie oraz spo\u017cywali gor\u0105ce wino przygotowane przez g\u00f3rali. Po ok. 1,5 godzinnej podro\u017cy zajechali\u015bmy do g\u00f3ralskiej chaty, gdzie przygotowano super danie \u2013 gor\u0105ca szynka z ud\u017aca z kapust\u0105 zasma\u017can\u0105, by\u0142 tez smalec i kiszone og\u00f3rki a na stole ciasto, kawa i herbata. Impreza ko\u0144czy\u0142a si\u0119 ko\u0142o p\u00f3\u0142nocy, \u015bpiewem,\u00a0 ta\u0144cami w tym tak\u017ce g\u00f3ralskimi. Do zobaczenia za rok.<\/p>\n\n\n\n<figure class=\"wp-block-image size-large\"><img fetchpriority=\"high\" decoding=\"async\" width=\"1024\" height=\"461\" src=\"http:\/\/cyklista.com.pl\/wp-content\/uploads\/2026\/04\/WhatsApp-Image-2025-02-19-at-16.20.27-2-1536x691-1-1024x461.jpeg\" alt=\"\" class=\"wp-image-2871\" srcset=\"http:\/\/cyklista.com.pl\/wp-content\/uploads\/2026\/04\/WhatsApp-Image-2025-02-19-at-16.20.27-2-1536x691-1-1024x461.jpeg 1024w, http:\/\/cyklista.com.pl\/wp-content\/uploads\/2026\/04\/WhatsApp-Image-2025-02-19-at-16.20.27-2-1536x691-1-300x135.jpeg 300w, http:\/\/cyklista.com.pl\/wp-content\/uploads\/2026\/04\/WhatsApp-Image-2025-02-19-at-16.20.27-2-1536x691-1-768x346.jpeg 768w, http:\/\/cyklista.com.pl\/wp-content\/uploads\/2026\/04\/WhatsApp-Image-2025-02-19-at-16.20.27-2-1536x691-1-340x153.jpeg 340w, http:\/\/cyklista.com.pl\/wp-content\/uploads\/2026\/04\/WhatsApp-Image-2025-02-19-at-16.20.27-2-1536x691-1-450x202.jpeg 450w, http:\/\/cyklista.com.pl\/wp-content\/uploads\/2026\/04\/WhatsApp-Image-2025-02-19-at-16.20.27-2-1536x691-1.jpeg 1536w\" sizes=\"(max-width: 1024px) 100vw, 1024px\" \/><\/figure>\n\n\n\n<figure class=\"wp-block-image size-large\"><img decoding=\"async\" width=\"1024\" height=\"768\" src=\"http:\/\/cyklista.com.pl\/wp-content\/uploads\/2026\/04\/WhatsApp-Image-2025-02-19-at-16.14.18-1536x1152-1-1024x768.jpeg\" alt=\"\" class=\"wp-image-2872\" srcset=\"http:\/\/cyklista.com.pl\/wp-content\/uploads\/2026\/04\/WhatsApp-Image-2025-02-19-at-16.14.18-1536x1152-1-1024x768.jpeg 1024w, http:\/\/cyklista.com.pl\/wp-content\/uploads\/2026\/04\/WhatsApp-Image-2025-02-19-at-16.14.18-1536x1152-1-300x225.jpeg 300w, http:\/\/cyklista.com.pl\/wp-content\/uploads\/2026\/04\/WhatsApp-Image-2025-02-19-at-16.14.18-1536x1152-1-768x576.jpeg 768w, http:\/\/cyklista.com.pl\/wp-content\/uploads\/2026\/04\/WhatsApp-Image-2025-02-19-at-16.14.18-1536x1152-1-340x255.jpeg 340w, http:\/\/cyklista.com.pl\/wp-content\/uploads\/2026\/04\/WhatsApp-Image-2025-02-19-at-16.14.18-1536x1152-1-450x338.jpeg 450w, http:\/\/cyklista.com.pl\/wp-content\/uploads\/2026\/04\/WhatsApp-Image-2025-02-19-at-16.14.18-1536x1152-1.jpeg 1536w\" sizes=\"(max-width: 1024px) 100vw, 1024px\" \/><\/figure>\n\n\n\n<figure class=\"wp-block-image size-large\"><img decoding=\"async\" width=\"768\" height=\"1024\" src=\"http:\/\/cyklista.com.pl\/wp-content\/uploads\/2026\/04\/WhatsApp-Image-2025-02-19-at-16.13.47-1152x1536-1-768x1024.jpeg\" alt=\"\" class=\"wp-image-2873\" srcset=\"http:\/\/cyklista.com.pl\/wp-content\/uploads\/2026\/04\/WhatsApp-Image-2025-02-19-at-16.13.47-1152x1536-1-768x1024.jpeg 768w, http:\/\/cyklista.com.pl\/wp-content\/uploads\/2026\/04\/WhatsApp-Image-2025-02-19-at-16.13.47-1152x1536-1-225x300.jpeg 225w, http:\/\/cyklista.com.pl\/wp-content\/uploads\/2026\/04\/WhatsApp-Image-2025-02-19-at-16.13.47-1152x1536-1-340x453.jpeg 340w, http:\/\/cyklista.com.pl\/wp-content\/uploads\/2026\/04\/WhatsApp-Image-2025-02-19-at-16.13.47-1152x1536-1-450x600.jpeg 450w, http:\/\/cyklista.com.pl\/wp-content\/uploads\/2026\/04\/WhatsApp-Image-2025-02-19-at-16.13.47-1152x1536-1.jpeg 1152w\" sizes=\"(max-width: 768px) 100vw, 768px\" \/><\/figure>\n\n\n\n<figure class=\"wp-block-image size-large\"><img loading=\"lazy\" decoding=\"async\" width=\"1024\" height=\"768\" src=\"http:\/\/cyklista.com.pl\/wp-content\/uploads\/2026\/04\/WhatsApp-Image-2025-02-19-at-16.12.26-1536x1152-2-1024x768.jpeg\" alt=\"\" class=\"wp-image-2874\" srcset=\"http:\/\/cyklista.com.pl\/wp-content\/uploads\/2026\/04\/WhatsApp-Image-2025-02-19-at-16.12.26-1536x1152-2-1024x768.jpeg 1024w, http:\/\/cyklista.com.pl\/wp-content\/uploads\/2026\/04\/WhatsApp-Image-2025-02-19-at-16.12.26-1536x1152-2-300x225.jpeg 300w, http:\/\/cyklista.com.pl\/wp-content\/uploads\/2026\/04\/WhatsApp-Image-2025-02-19-at-16.12.26-1536x1152-2-768x576.jpeg 768w, http:\/\/cyklista.com.pl\/wp-content\/uploads\/2026\/04\/WhatsApp-Image-2025-02-19-at-16.12.26-1536x1152-2-340x255.jpeg 340w, http:\/\/cyklista.com.pl\/wp-content\/uploads\/2026\/04\/WhatsApp-Image-2025-02-19-at-16.12.26-1536x1152-2-450x338.jpeg 450w, http:\/\/cyklista.com.pl\/wp-content\/uploads\/2026\/04\/WhatsApp-Image-2025-02-19-at-16.12.26-1536x1152-2.jpeg 1536w\" sizes=\"(max-width: 1024px) 100vw, 1024px\" \/><\/figure>\n","protected":false},"excerpt":{"rendered":"<p>W Walentynkowy wiecz\u00f3r 28 cyklist\u00f3w z TTR Cyklista zorganizowa\u0142o kulig w miejscowo\u015bci Targanice, kilka kilometr\u00f3w\u00a0 za Andrychowem. O godz. 18,00 wyjechali\u015bmy dwoma wozami przystosowanymi do przewozu os\u00f3b, a po przejechaniu ok. 2 km drogami publicznymi wjechali\u015bmy w kierunku po\u0142udniowym w drogi\u00a0 polne, le\u015bne i ma\u0142o ucz\u0119szczane drogi lokalne. Po oko\u0142o 45 minutach podczas 15 minutowej [&hellip;]<\/p>\n","protected":false},"author":1,"featured_media":2870,"comment_status":"closed","ping_status":"closed","sticky":false,"template":"","format":"standard","meta":{"footnotes":""},"categories":[51],"tags":[],"class_list":["post-2868","post","type-post","status-publish","format-standard","has-post-thumbnail","hentry","category-aktualnosci"],"_links":{"self":[{"href":"http:\/\/cyklista.com.pl\/index.php\/wp-json\/wp\/v2\/posts\/2868","targetHints":{"allow":["GET"]}}],"collection":[{"href":"http:\/\/cyklista.com.pl\/index.php\/wp-json\/wp\/v2\/posts"}],"about":[{"href":"http:\/\/cyklista.com.pl\/index.php\/wp-json\/wp\/v2\/types\/post"}],"author":[{"embeddable":true,"href":"http:\/\/cyklista.com.pl\/index.php\/wp-json\/wp\/v2\/users\/1"}],"replies":[{"embeddable":true,"href":"http:\/\/cyklista.com.pl\/index.php\/wp-json\/wp\/v2\/comments?post=2868"}],"version-history":[{"count":1,"href":"http:\/\/cyklista.com.pl\/index.php\/wp-json\/wp\/v2\/posts\/2868\/revisions"}],"predecessor-version":[{"id":2875,"href":"http:\/\/cyklista.com.pl\/index.php\/wp-json\/wp\/v2\/posts\/2868\/revisions\/2875"}],"wp:featuredmedia":[{"embeddable":true,"href":"http:\/\/cyklista.com.pl\/index.php\/wp-json\/wp\/v2\/media\/2870"}],"wp:attachment":[{"href":"http:\/\/cyklista.com.pl\/index.php\/wp-json\/wp\/v2\/media?parent=2868"}],"wp:term":[{"taxonomy":"category","embeddable":true,"href":"http:\/\/cyklista.com.pl\/index.php\/wp-json\/wp\/v2\/categories?post=2868"},{"taxonomy":"post_tag","embeddable":true,"href":"http:\/\/cyklista.com.pl\/index.php\/wp-json\/wp\/v2\/tags?post=2868"}],"curies":[{"name":"wp","href":"https:\/\/api.w.org\/{rel}","templated":true}]}}